{"id":2138,"date":"2022-02-13T00:41:47","date_gmt":"2022-02-13T00:41:47","guid":{"rendered":"https:\/\/domvicoso.mg.gov.br\/v1\/?p=2138"},"modified":"2022-02-13T00:41:47","modified_gmt":"2022-02-13T00:41:47","slug":"seminario-de-desenvolvimento-economico-de-dom-vicoso","status":"publish","type":"post","link":"https:\/\/domvicoso.mg.gov.br\/v1\/seminario-de-desenvolvimento-economico-de-dom-vicoso\/","title":{"rendered":"Semin\u00e1rio de Desenvolvimento Econ\u00f4mico de Dom Vi\u00e7oso"},"content":{"rendered":"<div class=\"kvgmc6g5 cxmmr5t8 oygrvhab hcukyx3x c1et5uql ii04i59q\">\n<div dir=\"auto\" style=\"text-align: justify;\">A Prefeitura de Dom Vi\u00e7oso, atrav\u00e9s da Secretaria Municipal de Turismo, Cultura, Esporte e Lazer, promove em parceria com o Sebrae Minas o Semin\u00e1rio de Desenvolvimento Econ\u00f4mico de Dom Vi\u00e7oso.<\/div>\n<\/div>\n<div class=\"cxmmr5t8 oygrvhab hcukyx3x c1et5uql o9v6fnle ii04i59q\" style=\"text-align: justify;\">\n<div dir=\"auto\">Programa\u00e7\u00e3o:<\/div>\n<div dir=\"auto\">16h \u2013 Credenciamento<\/div>\n<div dir=\"auto\">16:30h \u2013 Abertura<\/div>\n<div dir=\"auto\">17h \u2013 Apresenta\u00e7\u00e3o do Plano Municipal de Desenvolvimento Econ\u00f4mico<\/div>\n<div dir=\"auto\">18h \u2013 Apresenta\u00e7\u00e3o do Mapeamento Tur\u00edstico<\/div>\n<div dir=\"auto\">19h \u2013 Palestra: Turismo como vetor de desenvolvimento econ\u00f4mico<\/div>\n<div dir=\"auto\">20h &#8211; Coquetel<\/div>\n<\/div>\n<div class=\"cxmmr5t8 oygrvhab hcukyx3x c1et5uql o9v6fnle ii04i59q\" style=\"text-align: justify;\">\n<div dir=\"auto\">Inscri\u00e7\u00e3o: <a class=\"oajrlxb2 g5ia77u1 qu0x051f esr5mh6w e9989ue4 r7d6kgcz rq0escxv nhd2j8a9 nc684nl6 p7hjln8o kvgmc6g5 cxmmr5t8 oygrvhab hcukyx3x jb3vyjys rz4wbd8a qt6c0cv9 a8nywdso i1ao9s8h esuyzwwr f1sip0of lzcic4wl gpro0wi8 py34i1dx\" tabindex=\"0\" role=\"link\" href=\"https:\/\/l.facebook.com\/l.php?u=https%3A%2F%2Fforms.gle%2FstcXyHXtaBf3cmw9A%3Ffbclid%3DIwAR1aTmlH24JnZrXBR0dYPkuQiM1aXK6drRvI6rVmmhg4NLV3Nm4-eCTcCXU&amp;h=AT1tXRGBKwnDkCwAltnAvoMl9cc8jeuYTtLc9RnQbHjV_J1dgFpIaDxsZ8ODJz7vjGKvy_NbpFj9nE3dajeLtu5TlfHh604r-WQxiWVCeS9YcXxROdkb5upSeIwaskSyps46&amp;__tn__=-UK-R&amp;c[0]=AT12xGSGeBRcMyJaYRRz8ofbcY9oNBtFVn0FE67zxkVILtgPqOoWGzXh2QzUat10kwOlVDTgx1xRQYRI50UpdvxHnLWkno5bKdG2n207Yv_uCQftW40qnJlNYu_4Xors6xizdyjE_Ze4JSTICRDRWOdllSqnxfd__v2vr3Wl8FzXjT8\" target=\"_blank\" rel=\"nofollow noopener\">https:\/\/forms.gle\/stcXyHXtaBf3cmw9A<\/a><\/div>\n<\/div>\n<div class=\"cxmmr5t8 oygrvhab hcukyx3x c1et5uql o9v6fnle ii04i59q\">\n<div dir=\"auto\" style=\"text-align: justify;\">EVENTO GRATUITO E VAGAS LIMITADAS!!<\/div>\n<\/div>\n","protected":false},"excerpt":{"rendered":"<p>A Prefeitura de Dom Vi\u00e7oso, atrav\u00e9s da Secretaria Municipal de [&hellip;]<\/p>\n","protected":false},"author":1,"featured_media":2139,"comment_status":"open","ping_status":"open","sticky":false,"template":"","format":"standard","meta":{"footnotes":""},"categories":[29],"tags":[],"class_list":["post-2138","post","type-post","status-publish","format-standard","has-post-thumbnail","hentry","category-noticias"],"_links":{"self":[{"href":"https:\/\/domvicoso.mg.gov.br\/v1\/wp-json\/wp\/v2\/posts\/2138","targetHints":{"allow":["GET"]}}],"collection":[{"href":"https:\/\/domvicoso.mg.gov.br\/v1\/wp-json\/wp\/v2\/posts"}],"about":[{"href":"https:\/\/domvicoso.mg.gov.br\/v1\/wp-json\/wp\/v2\/types\/post"}],"author":[{"embeddable":true,"href":"https:\/\/domvicoso.mg.gov.br\/v1\/wp-json\/wp\/v2\/users\/1"}],"replies":[{"embeddable":true,"href":"https:\/\/domvicoso.mg.gov.br\/v1\/wp-json\/wp\/v2\/comments?post=2138"}],"version-history":[{"count":1,"href":"https:\/\/domvicoso.mg.gov.br\/v1\/wp-json\/wp\/v2\/posts\/2138\/revisions"}],"predecessor-version":[{"id":2140,"href":"https:\/\/domvicoso.mg.gov.br\/v1\/wp-json\/wp\/v2\/posts\/2138\/revisions\/2140"}],"wp:featuredmedia":[{"embeddable":true,"href":"https:\/\/domvicoso.mg.gov.br\/v1\/wp-json\/wp\/v2\/media\/2139"}],"wp:attachment":[{"href":"https:\/\/domvicoso.mg.gov.br\/v1\/wp-json\/wp\/v2\/media?parent=2138"}],"wp:term":[{"taxonomy":"category","embeddable":true,"href":"https:\/\/domvicoso.mg.gov.br\/v1\/wp-json\/wp\/v2\/categories?post=2138"},{"taxonomy":"post_tag","embeddable":true,"href":"https:\/\/domvicoso.mg.gov.br\/v1\/wp-json\/wp\/v2\/tags?post=2138"}],"curies":[{"name":"wp","href":"https:\/\/api.w.org\/{rel}","templated":true}]}}