{"id":2220,"date":"2022-02-17T02:33:21","date_gmt":"2022-02-17T02:33:21","guid":{"rendered":"https:\/\/domvicoso.mg.gov.br\/v1\/?p=2220"},"modified":"2022-02-17T02:33:21","modified_gmt":"2022-02-17T02:33:21","slug":"nao-e-so-com-a-pandemia-da-covid-que-devemos-tomar-cuidado","status":"publish","type":"post","link":"https:\/\/domvicoso.mg.gov.br\/v1\/nao-e-so-com-a-pandemia-da-covid-que-devemos-tomar-cuidado\/","title":{"rendered":"N\u00e3o \u00e9 s\u00f3 com a pandemia da Covid que devemos tomar cuidado!"},"content":{"rendered":"<div>\n<div class=\"\" dir=\"auto\">\n<div id=\"jsc_c_1d\" class=\"ecm0bbzt hv4rvrfc ihqw7lf3 dati1w0a\" data-ad-comet-preview=\"message\" data-ad-preview=\"message\">\n<div class=\"j83agx80 cbu4d94t ew0dbk1b irj2b8pg\">\n<div class=\"qzhwtbm6 knvmm38d\">\n<div class=\"kvgmc6g5 cxmmr5t8 oygrvhab hcukyx3x c1et5uql ii04i59q\">\n<div dir=\"auto\" style=\"text-align: justify;\">N\u00e3o \u00e9 s\u00f3 com a pandemia da Covid que devemos tomar cuidado. Com esse per\u00edodo de chuvas \u00e9 necess\u00e1rio a aten\u00e7\u00e3o dobrada para uma outra doen\u00e7a agressiva e que pode ser mortal: a dengue.<\/div>\n<\/div>\n<div class=\"cxmmr5t8 oygrvhab hcukyx3x c1et5uql o9v6fnle ii04i59q\" style=\"text-align: justify;\">\n<div dir=\"auto\">S\u00e3o sintomas da dengue febre alta, erup\u00e7\u00f5es cut\u00e2neas e dores musculares e articulares. Em casos graves, h\u00e1 hemorragia intensa e choque hemorr\u00e1gico. A doen\u00e7a pode ser fatal, por isso \u00e9 t\u00e3o importante que medidas de preven\u00e7\u00e3o contra a prolifera\u00e7\u00e3o da doen\u00e7a sejam tomadas.<\/div>\n<\/div>\n<div class=\"cxmmr5t8 oygrvhab hcukyx3x c1et5uql o9v6fnle ii04i59q\" style=\"text-align: justify;\">\n<div dir=\"auto\">Al\u00e9m da dengue, o mosquito que \u00e9 vetor da doen\u00e7a &#8211; Aedes aegypti &#8211; pode transmitir a chikungunya, o zika v\u00edrus e a febre amarela. Para se reproduzir, a f\u00eamea do mosquito deposita seus ovos em pontos de \u00e1gua. Ent\u00e3o, nada de deixar \u00e1gua parada! Confira algumas dicas para eliminar focos do mosquito na sua casa.<\/div>\n<\/div>\n<div class=\"cxmmr5t8 oygrvhab hcukyx3x c1et5uql o9v6fnle ii04i59q\">\n<div dir=\"auto\" style=\"text-align: justify;\"><a class=\"oajrlxb2 g5ia77u1 qu0x051f esr5mh6w e9989ue4 r7d6kgcz rq0escxv nhd2j8a9 nc684nl6 p7hjln8o kvgmc6g5 cxmmr5t8 oygrvhab hcukyx3x jb3vyjys rz4wbd8a qt6c0cv9 a8nywdso i1ao9s8h esuyzwwr f1sip0of lzcic4wl gpro0wi8 q66pz984 b1v8xokw\" tabindex=\"0\" role=\"link\" href=\"https:\/\/www.facebook.com\/hashtag\/dengue?__eep__=6&amp;__cft__[0]=AZXd1-rUDJlIJghuacvSWGXGSkViD4U5vUXHXP46zbh0AZz_DnbtOzOBCzb9y4jlO3M4ikN4-X45f8MR1vogdGLsRCkuivSoqedXwQuahB1a50ev6dYjZiFzhCY0uJtyN9ToSAQOuZXq4ZATb6DAyjTt&amp;__tn__=*NK-R\">#Dengue<\/a> <a class=\"oajrlxb2 g5ia77u1 qu0x051f esr5mh6w e9989ue4 r7d6kgcz rq0escxv nhd2j8a9 nc684nl6 p7hjln8o kvgmc6g5 cxmmr5t8 oygrvhab hcukyx3x jb3vyjys rz4wbd8a qt6c0cv9 a8nywdso i1ao9s8h esuyzwwr f1sip0of lzcic4wl gpro0wi8 q66pz984 b1v8xokw\" tabindex=\"0\" role=\"link\" href=\"https:\/\/www.facebook.com\/hashtag\/cuidadocomadengue?__eep__=6&amp;__cft__[0]=AZXd1-rUDJlIJghuacvSWGXGSkViD4U5vUXHXP46zbh0AZz_DnbtOzOBCzb9y4jlO3M4ikN4-X45f8MR1vogdGLsRCkuivSoqedXwQuahB1a50ev6dYjZiFzhCY0uJtyN9ToSAQOuZXq4ZATb6DAyjTt&amp;__tn__=*NK-R\">#CuidadoComADengue<\/a> <a class=\"oajrlxb2 g5ia77u1 qu0x051f esr5mh6w e9989ue4 r7d6kgcz rq0escxv nhd2j8a9 nc684nl6 p7hjln8o kvgmc6g5 cxmmr5t8 oygrvhab hcukyx3x jb3vyjys rz4wbd8a qt6c0cv9 a8nywdso i1ao9s8h esuyzwwr f1sip0of lzcic4wl gpro0wi8 q66pz984 b1v8xokw\" tabindex=\"0\" role=\"link\" href=\"https:\/\/www.facebook.com\/hashtag\/chikungunya?__eep__=6&amp;__cft__[0]=AZXd1-rUDJlIJghuacvSWGXGSkViD4U5vUXHXP46zbh0AZz_DnbtOzOBCzb9y4jlO3M4ikN4-X45f8MR1vogdGLsRCkuivSoqedXwQuahB1a50ev6dYjZiFzhCY0uJtyN9ToSAQOuZXq4ZATb6DAyjTt&amp;__tn__=*NK-R\">#Chikungunya<\/a> <a class=\"oajrlxb2 g5ia77u1 qu0x051f esr5mh6w e9989ue4 r7d6kgcz rq0escxv nhd2j8a9 nc684nl6 p7hjln8o kvgmc6g5 cxmmr5t8 oygrvhab hcukyx3x jb3vyjys rz4wbd8a qt6c0cv9 a8nywdso i1ao9s8h esuyzwwr f1sip0of lzcic4wl gpro0wi8 q66pz984 b1v8xokw\" tabindex=\"0\" role=\"link\" href=\"https:\/\/www.facebook.com\/hashtag\/zikav%C3%ADrus?__eep__=6&amp;__cft__[0]=AZXd1-rUDJlIJghuacvSWGXGSkViD4U5vUXHXP46zbh0AZz_DnbtOzOBCzb9y4jlO3M4ikN4-X45f8MR1vogdGLsRCkuivSoqedXwQuahB1a50ev6dYjZiFzhCY0uJtyN9ToSAQOuZXq4ZATb6DAyjTt&amp;__tn__=*NK-R\">#Zikav\u00edrus<\/a> <a class=\"oajrlxb2 g5ia77u1 qu0x051f esr5mh6w e9989ue4 r7d6kgcz rq0escxv nhd2j8a9 nc684nl6 p7hjln8o kvgmc6g5 cxmmr5t8 oygrvhab hcukyx3x jb3vyjys rz4wbd8a qt6c0cv9 a8nywdso i1ao9s8h esuyzwwr f1sip0of lzcic4wl gpro0wi8 q66pz984 b1v8xokw\" tabindex=\"0\" role=\"link\" href=\"https:\/\/www.facebook.com\/hashtag\/febreamarela?__eep__=6&amp;__cft__[0]=AZXd1-rUDJlIJghuacvSWGXGSkViD4U5vUXHXP46zbh0AZz_DnbtOzOBCzb9y4jlO3M4ikN4-X45f8MR1vogdGLsRCkuivSoqedXwQuahB1a50ev6dYjZiFzhCY0uJtyN9ToSAQOuZXq4ZATb6DAyjTt&amp;__tn__=*NK-R\">#FebreAmarela<\/a> <a class=\"oajrlxb2 g5ia77u1 qu0x051f esr5mh6w e9989ue4 r7d6kgcz rq0escxv nhd2j8a9 nc684nl6 p7hjln8o kvgmc6g5 cxmmr5t8 oygrvhab hcukyx3x jb3vyjys rz4wbd8a qt6c0cv9 a8nywdso i1ao9s8h esuyzwwr f1sip0of lzcic4wl gpro0wi8 q66pz984 b1v8xokw\" tabindex=\"0\" role=\"link\" href=\"https:\/\/www.facebook.com\/hashtag\/aguaparadan%C3%A3o?__eep__=6&amp;__cft__[0]=AZXd1-rUDJlIJghuacvSWGXGSkViD4U5vUXHXP46zbh0AZz_DnbtOzOBCzb9y4jlO3M4ikN4-X45f8MR1vogdGLsRCkuivSoqedXwQuahB1a50ev6dYjZiFzhCY0uJtyN9ToSAQOuZXq4ZATb6DAyjTt&amp;__tn__=*NK-R\">#AguaParadaN\u00e3o<\/a><\/div>\n<\/div>\n<\/div>\n<\/div>\n<\/div>\n<\/div>\n<\/div>\n","protected":false},"excerpt":{"rendered":"<p>N\u00e3o \u00e9 s\u00f3 com a pandemia da Covid que devemos [&hellip;]<\/p>\n","protected":false},"author":1,"featured_media":2221,"comment_status":"open","ping_status":"open","sticky":false,"template":"","format":"standard","meta":{"footnotes":""},"categories":[29],"tags":[],"class_list":["post-2220","post","type-post","status-publish","format-standard","has-post-thumbnail","hentry","category-noticias"],"_links":{"self":[{"href":"https:\/\/domvicoso.mg.gov.br\/v1\/wp-json\/wp\/v2\/posts\/2220","targetHints":{"allow":["GET"]}}],"collection":[{"href":"https:\/\/domvicoso.mg.gov.br\/v1\/wp-json\/wp\/v2\/posts"}],"about":[{"href":"https:\/\/domvicoso.mg.gov.br\/v1\/wp-json\/wp\/v2\/types\/post"}],"author":[{"embeddable":true,"href":"https:\/\/domvicoso.mg.gov.br\/v1\/wp-json\/wp\/v2\/users\/1"}],"replies":[{"embeddable":true,"href":"https:\/\/domvicoso.mg.gov.br\/v1\/wp-json\/wp\/v2\/comments?post=2220"}],"version-history":[{"count":1,"href":"https:\/\/domvicoso.mg.gov.br\/v1\/wp-json\/wp\/v2\/posts\/2220\/revisions"}],"predecessor-version":[{"id":2222,"href":"https:\/\/domvicoso.mg.gov.br\/v1\/wp-json\/wp\/v2\/posts\/2220\/revisions\/2222"}],"wp:featuredmedia":[{"embeddable":true,"href":"https:\/\/domvicoso.mg.gov.br\/v1\/wp-json\/wp\/v2\/media\/2221"}],"wp:attachment":[{"href":"https:\/\/domvicoso.mg.gov.br\/v1\/wp-json\/wp\/v2\/media?parent=2220"}],"wp:term":[{"taxonomy":"category","embeddable":true,"href":"https:\/\/domvicoso.mg.gov.br\/v1\/wp-json\/wp\/v2\/categories?post=2220"},{"taxonomy":"post_tag","embeddable":true,"href":"https:\/\/domvicoso.mg.gov.br\/v1\/wp-json\/wp\/v2\/tags?post=2220"}],"curies":[{"name":"wp","href":"https:\/\/api.w.org\/{rel}","templated":true}]}}