{"id":2622,"date":"2022-04-16T14:57:52","date_gmt":"2022-04-16T14:57:52","guid":{"rendered":"https:\/\/domvicoso.mg.gov.br\/v1\/?p=2622"},"modified":"2022-04-16T14:57:52","modified_gmt":"2022-04-16T14:57:52","slug":"%e2%9a%a0%ef%b8%8f%e2%9a%a0%ef%b8%8fatencao%e2%9a%a0%ef%b8%8f%e2%9a%a0%ef%b8%8f","status":"publish","type":"post","link":"https:\/\/domvicoso.mg.gov.br\/v1\/%e2%9a%a0%ef%b8%8f%e2%9a%a0%ef%b8%8fatencao%e2%9a%a0%ef%b8%8f%e2%9a%a0%ef%b8%8f\/","title":{"rendered":"&#x26a0;&#xfe0f;&#x26a0;&#xfe0f;Aten\u00e7\u00e3o!&#x26a0;&#xfe0f;&#x26a0;&#xfe0f;"},"content":{"rendered":"<div class=\"kvgmc6g5 cxmmr5t8 oygrvhab hcukyx3x c1et5uql ii04i59q\"><\/div>\n<div class=\"cxmmr5t8 oygrvhab hcukyx3x c1et5uql o9v6fnle ii04i59q\">\n<div dir=\"auto\">Torna facultativo, no munic\u00edpio de Dom Vi\u00e7oso, o uso de m\u00e1scara de prote\u00e7\u00e3o facial e\/ou equipamentos assemelhado em ambientes p\u00fablicos ou privados, abertos ou fechados.<\/div>\n<\/div>\n","protected":false},"excerpt":{"rendered":"<p>Torna facultativo, no munic\u00edpio de Dom Vi\u00e7oso, o uso de [&hellip;]<\/p>\n","protected":false},"author":1,"featured_media":2623,"comment_status":"open","ping_status":"open","sticky":false,"template":"","format":"standard","meta":{"footnotes":""},"categories":[29],"tags":[],"class_list":["post-2622","post","type-post","status-publish","format-standard","has-post-thumbnail","hentry","category-noticias"],"_links":{"self":[{"href":"https:\/\/domvicoso.mg.gov.br\/v1\/wp-json\/wp\/v2\/posts\/2622","targetHints":{"allow":["GET"]}}],"collection":[{"href":"https:\/\/domvicoso.mg.gov.br\/v1\/wp-json\/wp\/v2\/posts"}],"about":[{"href":"https:\/\/domvicoso.mg.gov.br\/v1\/wp-json\/wp\/v2\/types\/post"}],"author":[{"embeddable":true,"href":"https:\/\/domvicoso.mg.gov.br\/v1\/wp-json\/wp\/v2\/users\/1"}],"replies":[{"embeddable":true,"href":"https:\/\/domvicoso.mg.gov.br\/v1\/wp-json\/wp\/v2\/comments?post=2622"}],"version-history":[{"count":2,"href":"https:\/\/domvicoso.mg.gov.br\/v1\/wp-json\/wp\/v2\/posts\/2622\/revisions"}],"predecessor-version":[{"id":2625,"href":"https:\/\/domvicoso.mg.gov.br\/v1\/wp-json\/wp\/v2\/posts\/2622\/revisions\/2625"}],"wp:featuredmedia":[{"embeddable":true,"href":"https:\/\/domvicoso.mg.gov.br\/v1\/wp-json\/wp\/v2\/media\/2623"}],"wp:attachment":[{"href":"https:\/\/domvicoso.mg.gov.br\/v1\/wp-json\/wp\/v2\/media?parent=2622"}],"wp:term":[{"taxonomy":"category","embeddable":true,"href":"https:\/\/domvicoso.mg.gov.br\/v1\/wp-json\/wp\/v2\/categories?post=2622"},{"taxonomy":"post_tag","embeddable":true,"href":"https:\/\/domvicoso.mg.gov.br\/v1\/wp-json\/wp\/v2\/tags?post=2622"}],"curies":[{"name":"wp","href":"https:\/\/api.w.org\/{rel}","templated":true}]}}