{"id":2643,"date":"2022-04-23T11:49:13","date_gmt":"2022-04-23T11:49:13","guid":{"rendered":"https:\/\/domvicoso.mg.gov.br\/v1\/?p=2643"},"modified":"2022-04-23T11:49:13","modified_gmt":"2022-04-23T11:49:13","slug":"informacao","status":"publish","type":"post","link":"https:\/\/domvicoso.mg.gov.br\/v1\/informacao\/","title":{"rendered":"Informa\u00e7\u00e3o!!!"},"content":{"rendered":"<div class=\"kvgmc6g5 cxmmr5t8 oygrvhab hcukyx3x c1et5uql ii04i59q\">\n<div dir=\"auto\"><\/div>\n<\/div>\n<div class=\"cxmmr5t8 oygrvhab hcukyx3x c1et5uql o9v6fnle ii04i59q\">\n<div dir=\"auto\"><a class=\"oajrlxb2 g5ia77u1 qu0x051f esr5mh6w e9989ue4 r7d6kgcz rq0escxv nhd2j8a9 nc684nl6 p7hjln8o kvgmc6g5 cxmmr5t8 oygrvhab hcukyx3x jb3vyjys rz4wbd8a qt6c0cv9 a8nywdso i1ao9s8h esuyzwwr f1sip0of lzcic4wl gpro0wi8 q66pz984 b1v8xokw\" tabindex=\"0\" role=\"link\" href=\"https:\/\/www.facebook.com\/hashtag\/%C3%A9lei?__eep__=6&amp;__cft__[0]=AZUGtrqp7YlZjtMYvUX5d-QoABBWWRUEZCJD49eeBeeHUzFLfmfr0ku5yUlPrW0H8H33_twXMeuSmIXWyeqDM23Vodz39UFWZUdiH6qUvDEzl1_wg03fS8PYH_LYynWIGf7LYar8TiP8K53bHfGLfpvzRifQXg2glb_YDo8AYxZRDA&amp;__tn__=*NK-R\">#\u00c9Lei<\/a> Os dispositivos da Proposi\u00e7\u00e3o de Lei 25.025 vetados pelo governador Romeu Zema e mantidos pela <a class=\"oajrlxb2 g5ia77u1 qu0x051f esr5mh6w e9989ue4 r7d6kgcz rq0escxv nhd2j8a9 nc684nl6 p7hjln8o kvgmc6g5 cxmmr5t8 oygrvhab hcukyx3x jb3vyjys rz4wbd8a qt6c0cv9 a8nywdso i1ao9s8h esuyzwwr f1sip0of lzcic4wl gpro0wi8 q66pz984 b1v8xokw\" tabindex=\"0\" role=\"link\" href=\"https:\/\/www.facebook.com\/hashtag\/assembleiademinas?__eep__=6&amp;__cft__[0]=AZUGtrqp7YlZjtMYvUX5d-QoABBWWRUEZCJD49eeBeeHUzFLfmfr0ku5yUlPrW0H8H33_twXMeuSmIXWyeqDM23Vodz39UFWZUdiH6qUvDEzl1_wg03fS8PYH_LYynWIGf7LYar8TiP8K53bHfGLfpvzRifQXg2glb_YDo8AYxZRDA&amp;__tn__=*NK-R\">#AssembleiaDeMinas<\/a> foram promulgados nesta tarde de segunda-feira(18\/4). O ato do presidente da ALMG, deputado Agostinho Patrus, foi publicado em edi\u00e7\u00e3o extra do Di\u00e1rio do Legislativo. Com isso, passam a valer os percentuais adicionais de recomposi\u00e7\u00e3o salarial aprovados para servidores da sa\u00fade, educa\u00e7\u00e3o e seguran\u00e7a p\u00fablica.<\/div>\n<div dir=\"auto\">A Lei 24.035, que trata da revis\u00e3o salarial geral de 10,06% para todos os servidores do Poder Executivo, foi sancionada pelo governador no dia 4 de abril. Por\u00e9m, ele vetou os adicionais diferenciados que tinham sido propostos por emendas parlamentares apresentadas durante a tramita\u00e7\u00e3o do Projeto de Lei 3.568\/22, de autoria do pr\u00f3prio Romeu Zema, que deu origem \u00e0 norma.<\/div>\n<div dir=\"auto\">.<\/div>\n<div dir=\"auto\">O veto parcial do governador foi derrubado em Plen\u00e1rio na \u00faltima ter\u00e7a-feira (12). Agora, com a promulga\u00e7\u00e3o desses dispositivos, entram em vigor os percentuais que beneficiam as \u00e1reas de seguran\u00e7a p\u00fablica (14%), sa\u00fade (14%) e educa\u00e7\u00e3o (33,24%), bem como o aux\u00edlio social para inativos das for\u00e7as de seguran\u00e7a.<\/div>\n<\/div>\n<div class=\"cxmmr5t8 oygrvhab hcukyx3x c1et5uql o9v6fnle ii04i59q\">\n<div dir=\"auto\">SAIBA MAIS em almg.gov.br<\/div>\n<\/div>\n","protected":false},"excerpt":{"rendered":"<p>#\u00c9Lei Os dispositivos da Proposi\u00e7\u00e3o de Lei 25.025 vetados pelo [&hellip;]<\/p>\n","protected":false},"author":1,"featured_media":2644,"comment_status":"open","ping_status":"open","sticky":false,"template":"","format":"standard","meta":{"footnotes":""},"categories":[29],"tags":[],"class_list":["post-2643","post","type-post","status-publish","format-standard","has-post-thumbnail","hentry","category-noticias"],"_links":{"self":[{"href":"https:\/\/domvicoso.mg.gov.br\/v1\/wp-json\/wp\/v2\/posts\/2643","targetHints":{"allow":["GET"]}}],"collection":[{"href":"https:\/\/domvicoso.mg.gov.br\/v1\/wp-json\/wp\/v2\/posts"}],"about":[{"href":"https:\/\/domvicoso.mg.gov.br\/v1\/wp-json\/wp\/v2\/types\/post"}],"author":[{"embeddable":true,"href":"https:\/\/domvicoso.mg.gov.br\/v1\/wp-json\/wp\/v2\/users\/1"}],"replies":[{"embeddable":true,"href":"https:\/\/domvicoso.mg.gov.br\/v1\/wp-json\/wp\/v2\/comments?post=2643"}],"version-history":[{"count":1,"href":"https:\/\/domvicoso.mg.gov.br\/v1\/wp-json\/wp\/v2\/posts\/2643\/revisions"}],"predecessor-version":[{"id":2649,"href":"https:\/\/domvicoso.mg.gov.br\/v1\/wp-json\/wp\/v2\/posts\/2643\/revisions\/2649"}],"wp:featuredmedia":[{"embeddable":true,"href":"https:\/\/domvicoso.mg.gov.br\/v1\/wp-json\/wp\/v2\/media\/2644"}],"wp:attachment":[{"href":"https:\/\/domvicoso.mg.gov.br\/v1\/wp-json\/wp\/v2\/media?parent=2643"}],"wp:term":[{"taxonomy":"category","embeddable":true,"href":"https:\/\/domvicoso.mg.gov.br\/v1\/wp-json\/wp\/v2\/categories?post=2643"},{"taxonomy":"post_tag","embeddable":true,"href":"https:\/\/domvicoso.mg.gov.br\/v1\/wp-json\/wp\/v2\/tags?post=2643"}],"curies":[{"name":"wp","href":"https:\/\/api.w.org\/{rel}","templated":true}]}}