{"id":3002,"date":"2022-06-04T15:20:59","date_gmt":"2022-06-04T15:20:59","guid":{"rendered":"https:\/\/domvicoso.mg.gov.br\/v1\/?p=3002"},"modified":"2022-06-15T16:17:36","modified_gmt":"2022-06-15T16:17:36","slug":"festival-do-cafe-especial-com-arte-em-dom-vicoso-minas-gerais-%e2%98%95%ef%b8%8f","status":"publish","type":"post","link":"https:\/\/domvicoso.mg.gov.br\/v1\/festival-do-cafe-especial-com-arte-em-dom-vicoso-minas-gerais-%e2%98%95%ef%b8%8f\/","title":{"rendered":"Festival do Caf\u00e9 Especial com Arte em Dom Vi\u00e7oso- Minas Gerais &#x2615;&#xfe0f;"},"content":{"rendered":"<p>&#x1f697; Hoje com Participa\u00e7\u00e3o especial dos expositores de Carros Antigos!<\/p>\n<p>Fonte: <a href=\"https:\/\/www.facebook.com\/setormunicipalculturadomvicoso\">Facebook Setor Municipal de Cultura, Turismo e Meio Ambiente de Dom Vi\u00e7oso-MG.<\/a><\/p>\n","protected":false},"excerpt":{"rendered":"<p>&#x1f697; Hoje com Participa\u00e7\u00e3o especial dos expositores de Carros Antigos! [&hellip;]<\/p>\n","protected":false},"author":1,"featured_media":3008,"comment_status":"open","ping_status":"open","sticky":false,"template":"","format":"standard","meta":{"footnotes":""},"categories":[29],"tags":[],"class_list":["post-3002","post","type-post","status-publish","format-standard","has-post-thumbnail","hentry","category-noticias"],"_links":{"self":[{"href":"https:\/\/domvicoso.mg.gov.br\/v1\/wp-json\/wp\/v2\/posts\/3002","targetHints":{"allow":["GET"]}}],"collection":[{"href":"https:\/\/domvicoso.mg.gov.br\/v1\/wp-json\/wp\/v2\/posts"}],"about":[{"href":"https:\/\/domvicoso.mg.gov.br\/v1\/wp-json\/wp\/v2\/types\/post"}],"author":[{"embeddable":true,"href":"https:\/\/domvicoso.mg.gov.br\/v1\/wp-json\/wp\/v2\/users\/1"}],"replies":[{"embeddable":true,"href":"https:\/\/domvicoso.mg.gov.br\/v1\/wp-json\/wp\/v2\/comments?post=3002"}],"version-history":[{"count":2,"href":"https:\/\/domvicoso.mg.gov.br\/v1\/wp-json\/wp\/v2\/posts\/3002\/revisions"}],"predecessor-version":[{"id":3095,"href":"https:\/\/domvicoso.mg.gov.br\/v1\/wp-json\/wp\/v2\/posts\/3002\/revisions\/3095"}],"wp:featuredmedia":[{"embeddable":true,"href":"https:\/\/domvicoso.mg.gov.br\/v1\/wp-json\/wp\/v2\/media\/3008"}],"wp:attachment":[{"href":"https:\/\/domvicoso.mg.gov.br\/v1\/wp-json\/wp\/v2\/media?parent=3002"}],"wp:term":[{"taxonomy":"category","embeddable":true,"href":"https:\/\/domvicoso.mg.gov.br\/v1\/wp-json\/wp\/v2\/categories?post=3002"},{"taxonomy":"post_tag","embeddable":true,"href":"https:\/\/domvicoso.mg.gov.br\/v1\/wp-json\/wp\/v2\/tags?post=3002"}],"curies":[{"name":"wp","href":"https:\/\/api.w.org\/{rel}","templated":true}]}}