{"id":3114,"date":"2022-06-15T16:30:46","date_gmt":"2022-06-15T16:30:46","guid":{"rendered":"https:\/\/domvicoso.mg.gov.br\/v1\/?p=3114"},"modified":"2022-06-15T16:30:46","modified_gmt":"2022-06-15T16:30:46","slug":"o-cras-de-dom-vicoso-sempre-comprometido-junto-as-otimas-parcerias-trabalhando-em-prol-de-nossos-municipes","status":"publish","type":"post","link":"https:\/\/domvicoso.mg.gov.br\/v1\/o-cras-de-dom-vicoso-sempre-comprometido-junto-as-otimas-parcerias-trabalhando-em-prol-de-nossos-municipes\/","title":{"rendered":"O CRAS de Dom Vi\u00e7oso sempre comprometido junto as \u00f3timas parcerias trabalhando em prol de nossos mun\u00edcipes."},"content":{"rendered":"<div class=\"kvgmc6g5 cxmmr5t8 oygrvhab hcukyx3x c1et5uql ii04i59q\">\n<div dir=\"auto\">Aconteceu essa semana a visita da consultoria de designer de artesanato Geisa Buzelin.<\/div>\n<\/div>\n<div class=\"cxmmr5t8 oygrvhab hcukyx3x c1et5uql o9v6fnle ii04i59q\">\n<div dir=\"auto\">A visita que \u00e9 mais uma das parcerias entre SEBRAE, Prefeitura Municipal de Dom Vi\u00e7oso e Secretaria de Cultura e Turismo e visa Capacita\u00e7\u00e3o das artes\u00e3s do Munic\u00edpio para que tenham o dom\u00ednio da t\u00e9cnica, a fim de potencializar a autonomia delas e promover a sustentabilidade da produ\u00e7\u00e3o artesanal.<\/div>\n<\/div>\n<div class=\"cxmmr5t8 oygrvhab hcukyx3x c1et5uql o9v6fnle ii04i59q\">\n<div dir=\"auto\">O curso que passa por etapas teve in\u00edcio com o processo de DIAGN\u00d3STICO. O diagnostico \u00e9: o mapeamento da atividade artesanal local sob v\u00e1rias dimens\u00f5es de abrang\u00eancia, e suas potencialidades para fundamentar as a\u00e7\u00f5es de design que ser\u00e3o realizadas.<\/div>\n<\/div>\n<div class=\"cxmmr5t8 oygrvhab hcukyx3x c1et5uql o9v6fnle ii04i59q\">\n<div dir=\"auto\">Nesse s\u00e1bado, dia 04 de junho, a foi realizado uma reuni\u00e3o na Prefeitura Municipal com a presen\u00e7a do Prefeito Rosinei Pinto, da Secret\u00e1ria de Cultura Elizangela Maria, da Coordenadora do CRASS Marilene Santos, da consultora Geisa Buzelin, do Assistente administrativo do Sebrae Ramom Cordi e da Presidente e Tesoureira da Associa\u00e7\u00e3o Arte das Col\u00ednas Rute Schneider Apendino e Roseli Silv\u00e9rio.<\/div>\n<\/div>\n<div class=\"cxmmr5t8 oygrvhab hcukyx3x c1et5uql o9v6fnle ii04i59q\">\n<div dir=\"auto\">A reuni\u00e3o aconteceu para o alinhamento dos pr\u00f3ximos passos que aconteceram em torno desse projeto incr\u00edvel que vai potencializar ainda mais as belezas do nosso artesanato local.<\/div>\n<div dir=\"auto\"><\/div>\n<div dir=\"auto\">Fonte: <a href=\"https:\/\/www.facebook.com\/setormunicipalculturadomvicoso\">Facebook Setor Municipal de Cultura, Turismo e Meio Ambiente de Dom Vi\u00e7oso-MG.<\/a><\/div>\n<\/div>\n<div dir=\"auto\"><\/div>\n","protected":false},"excerpt":{"rendered":"<p>Aconteceu essa semana a visita da consultoria de designer de [&hellip;]<\/p>\n","protected":false},"author":1,"featured_media":3119,"comment_status":"open","ping_status":"open","sticky":false,"template":"","format":"standard","meta":{"footnotes":""},"categories":[29],"tags":[],"class_list":["post-3114","post","type-post","status-publish","format-standard","has-post-thumbnail","hentry","category-noticias"],"_links":{"self":[{"href":"https:\/\/domvicoso.mg.gov.br\/v1\/wp-json\/wp\/v2\/posts\/3114","targetHints":{"allow":["GET"]}}],"collection":[{"href":"https:\/\/domvicoso.mg.gov.br\/v1\/wp-json\/wp\/v2\/posts"}],"about":[{"href":"https:\/\/domvicoso.mg.gov.br\/v1\/wp-json\/wp\/v2\/types\/post"}],"author":[{"embeddable":true,"href":"https:\/\/domvicoso.mg.gov.br\/v1\/wp-json\/wp\/v2\/users\/1"}],"replies":[{"embeddable":true,"href":"https:\/\/domvicoso.mg.gov.br\/v1\/wp-json\/wp\/v2\/comments?post=3114"}],"version-history":[{"count":1,"href":"https:\/\/domvicoso.mg.gov.br\/v1\/wp-json\/wp\/v2\/posts\/3114\/revisions"}],"predecessor-version":[{"id":3120,"href":"https:\/\/domvicoso.mg.gov.br\/v1\/wp-json\/wp\/v2\/posts\/3114\/revisions\/3120"}],"wp:featuredmedia":[{"embeddable":true,"href":"https:\/\/domvicoso.mg.gov.br\/v1\/wp-json\/wp\/v2\/media\/3119"}],"wp:attachment":[{"href":"https:\/\/domvicoso.mg.gov.br\/v1\/wp-json\/wp\/v2\/media?parent=3114"}],"wp:term":[{"taxonomy":"category","embeddable":true,"href":"https:\/\/domvicoso.mg.gov.br\/v1\/wp-json\/wp\/v2\/categories?post=3114"},{"taxonomy":"post_tag","embeddable":true,"href":"https:\/\/domvicoso.mg.gov.br\/v1\/wp-json\/wp\/v2\/tags?post=3114"}],"curies":[{"name":"wp","href":"https:\/\/api.w.org\/{rel}","templated":true}]}}