{"id":3121,"date":"2022-06-15T16:32:21","date_gmt":"2022-06-15T16:32:21","guid":{"rendered":"https:\/\/domvicoso.mg.gov.br\/v1\/?p=3121"},"modified":"2022-06-15T16:32:21","modified_gmt":"2022-06-15T16:32:21","slug":"atencao-3","status":"publish","type":"post","link":"https:\/\/domvicoso.mg.gov.br\/v1\/atencao-3\/","title":{"rendered":"Aten\u00e7\u00e3o!!!"},"content":{"rendered":"<div class=\"kvgmc6g5 cxmmr5t8 oygrvhab hcukyx3x c1et5uql ii04i59q\">\n<div dir=\"auto\"><\/div>\n<\/div>\n<div class=\"cxmmr5t8 oygrvhab hcukyx3x c1et5uql o9v6fnle ii04i59q\">\n<div dir=\"auto\">Ap\u00f3s v\u00e1rias reivindica\u00e7\u00f5es, a Administra\u00e7\u00e3o Municipal, conseguiu junto ao TRE-MG, a transfer\u00eancia de sua sede eleitoral.<\/div>\n<div dir=\"auto\">Os mun\u00edcipes de Dom Vi\u00e7oso passam a pertencer \u00e0 zona eleitoral da cidade de S\u00e3o Louren\u00e7o.<\/div>\n<div dir=\"auto\">Esta transfer\u00eancia facilita a vida de nossa popula\u00e7\u00e3o quando houver necessidade de resolver assuntos com a justi\u00e7a eleitoral.<\/div>\n<div dir=\"auto\">Uma \u00f3tima not\u00edcia para a popula\u00e7\u00e3o de Dom Vi\u00e7oso!<\/div>\n<\/div>\n<div class=\"cxmmr5t8 oygrvhab hcukyx3x c1et5uql o9v6fnle ii04i59q\">\n<div dir=\"auto\">Saiba mais no link abaixo:<\/div>\n<\/div>\n<div class=\"cxmmr5t8 oygrvhab hcukyx3x c1et5uql o9v6fnle ii04i59q\">\n<div dir=\"auto\"><a class=\"oajrlxb2 g5ia77u1 qu0x051f esr5mh6w e9989ue4 r7d6kgcz rq0escxv nhd2j8a9 nc684nl6 p7hjln8o kvgmc6g5 cxmmr5t8 oygrvhab hcukyx3x jb3vyjys rz4wbd8a qt6c0cv9 a8nywdso i1ao9s8h esuyzwwr f1sip0of lzcic4wl gpro0wi8 py34i1dx\" tabindex=\"0\" role=\"link\" href=\"https:\/\/www.tre-mg.jus.br\/imprensa\/noticias-tre-mg\/2022\/Junho\/tre-altera-sede-de-duas-zonas-eleitorais-e-remaneja-12-municipios\" target=\"_blank\" rel=\"nofollow noopener\">https:\/\/www.tre-mg.jus.br\/&#8230;\/tre-altera-sede-de-duas&#8230;<\/a><\/div>\n<\/div>\n","protected":false},"excerpt":{"rendered":"<p>Ap\u00f3s v\u00e1rias reivindica\u00e7\u00f5es, a Administra\u00e7\u00e3o Municipal, conseguiu junto ao TRE-MG, [&hellip;]<\/p>\n","protected":false},"author":1,"featured_media":3122,"comment_status":"open","ping_status":"open","sticky":false,"template":"","format":"standard","meta":{"footnotes":""},"categories":[29],"tags":[],"class_list":["post-3121","post","type-post","status-publish","format-standard","has-post-thumbnail","hentry","category-noticias"],"_links":{"self":[{"href":"https:\/\/domvicoso.mg.gov.br\/v1\/wp-json\/wp\/v2\/posts\/3121","targetHints":{"allow":["GET"]}}],"collection":[{"href":"https:\/\/domvicoso.mg.gov.br\/v1\/wp-json\/wp\/v2\/posts"}],"about":[{"href":"https:\/\/domvicoso.mg.gov.br\/v1\/wp-json\/wp\/v2\/types\/post"}],"author":[{"embeddable":true,"href":"https:\/\/domvicoso.mg.gov.br\/v1\/wp-json\/wp\/v2\/users\/1"}],"replies":[{"embeddable":true,"href":"https:\/\/domvicoso.mg.gov.br\/v1\/wp-json\/wp\/v2\/comments?post=3121"}],"version-history":[{"count":1,"href":"https:\/\/domvicoso.mg.gov.br\/v1\/wp-json\/wp\/v2\/posts\/3121\/revisions"}],"predecessor-version":[{"id":3127,"href":"https:\/\/domvicoso.mg.gov.br\/v1\/wp-json\/wp\/v2\/posts\/3121\/revisions\/3127"}],"wp:featuredmedia":[{"embeddable":true,"href":"https:\/\/domvicoso.mg.gov.br\/v1\/wp-json\/wp\/v2\/media\/3122"}],"wp:attachment":[{"href":"https:\/\/domvicoso.mg.gov.br\/v1\/wp-json\/wp\/v2\/media?parent=3121"}],"wp:term":[{"taxonomy":"category","embeddable":true,"href":"https:\/\/domvicoso.mg.gov.br\/v1\/wp-json\/wp\/v2\/categories?post=3121"},{"taxonomy":"post_tag","embeddable":true,"href":"https:\/\/domvicoso.mg.gov.br\/v1\/wp-json\/wp\/v2\/tags?post=3121"}],"curies":[{"name":"wp","href":"https:\/\/api.w.org\/{rel}","templated":true}]}}