{"id":3128,"date":"2022-06-15T16:33:23","date_gmt":"2022-06-15T16:33:23","guid":{"rendered":"https:\/\/domvicoso.mg.gov.br\/v1\/?p=3128"},"modified":"2022-06-15T16:33:23","modified_gmt":"2022-06-15T16:33:23","slug":"aviso-importante-2","status":"publish","type":"post","link":"https:\/\/domvicoso.mg.gov.br\/v1\/aviso-importante-2\/","title":{"rendered":"AVISO IMPORTANTE!"},"content":{"rendered":"<div class=\"kvgmc6g5 cxmmr5t8 oygrvhab hcukyx3x c1et5uql ii04i59q\">\n<div dir=\"auto\"><\/div>\n<\/div>\n<div class=\"cxmmr5t8 oygrvhab hcukyx3x c1et5uql o9v6fnle ii04i59q\">\n<div dir=\"auto\">A Administra\u00e7\u00e3o Municipal vem esclarecer para popula\u00e7\u00e3o que o apag\u00e3o no sinal da operadora Vivo deve-se a uma pane na repetidora da cidade de Itamonte, que distribui sinal para outras cidades, e a equipe t\u00e9cnica estava encontrando dificuldades para acessar o local e realizar os devidos reparos, prejudicando o funcionamento da telefonia celular de Dom Vi\u00e7oso e mais 7 cidades.<\/div>\n<div dir=\"auto\">Desde ontem (06\/06) de manh\u00e3, essa Administra\u00e7\u00e3o Municipal v\u00eam mantendo contato com a Operadora Vivo e hoje, pr\u00f3ximo ao meio-dia, foi firmado o compromisso de solu\u00e7\u00e3o desse problema at\u00e9 o final do dia de hoje.<\/div>\n<\/div>\n","protected":false},"excerpt":{"rendered":"<p>A Administra\u00e7\u00e3o Municipal vem esclarecer para popula\u00e7\u00e3o que o apag\u00e3o [&hellip;]<\/p>\n","protected":false},"author":1,"featured_media":3129,"comment_status":"open","ping_status":"open","sticky":false,"template":"","format":"standard","meta":{"footnotes":""},"categories":[29],"tags":[],"class_list":["post-3128","post","type-post","status-publish","format-standard","has-post-thumbnail","hentry","category-noticias"],"_links":{"self":[{"href":"https:\/\/domvicoso.mg.gov.br\/v1\/wp-json\/wp\/v2\/posts\/3128","targetHints":{"allow":["GET"]}}],"collection":[{"href":"https:\/\/domvicoso.mg.gov.br\/v1\/wp-json\/wp\/v2\/posts"}],"about":[{"href":"https:\/\/domvicoso.mg.gov.br\/v1\/wp-json\/wp\/v2\/types\/post"}],"author":[{"embeddable":true,"href":"https:\/\/domvicoso.mg.gov.br\/v1\/wp-json\/wp\/v2\/users\/1"}],"replies":[{"embeddable":true,"href":"https:\/\/domvicoso.mg.gov.br\/v1\/wp-json\/wp\/v2\/comments?post=3128"}],"version-history":[{"count":1,"href":"https:\/\/domvicoso.mg.gov.br\/v1\/wp-json\/wp\/v2\/posts\/3128\/revisions"}],"predecessor-version":[{"id":3130,"href":"https:\/\/domvicoso.mg.gov.br\/v1\/wp-json\/wp\/v2\/posts\/3128\/revisions\/3130"}],"wp:featuredmedia":[{"embeddable":true,"href":"https:\/\/domvicoso.mg.gov.br\/v1\/wp-json\/wp\/v2\/media\/3129"}],"wp:attachment":[{"href":"https:\/\/domvicoso.mg.gov.br\/v1\/wp-json\/wp\/v2\/media?parent=3128"}],"wp:term":[{"taxonomy":"category","embeddable":true,"href":"https:\/\/domvicoso.mg.gov.br\/v1\/wp-json\/wp\/v2\/categories?post=3128"},{"taxonomy":"post_tag","embeddable":true,"href":"https:\/\/domvicoso.mg.gov.br\/v1\/wp-json\/wp\/v2\/tags?post=3128"}],"curies":[{"name":"wp","href":"https:\/\/api.w.org\/{rel}","templated":true}]}}