{"id":3131,"date":"2022-06-15T16:34:41","date_gmt":"2022-06-15T16:34:41","guid":{"rendered":"https:\/\/domvicoso.mg.gov.br\/v1\/?p=3131"},"modified":"2022-06-15T16:34:41","modified_gmt":"2022-06-15T16:34:41","slug":"importante","status":"publish","type":"post","link":"https:\/\/domvicoso.mg.gov.br\/v1\/importante\/","title":{"rendered":"IMPORTANTE"},"content":{"rendered":"<div class=\"kvgmc6g5 cxmmr5t8 oygrvhab hcukyx3x c1et5uql ii04i59q\">\n<div dir=\"auto\">Prezados Mun\u00edcipes,<\/div>\n<\/div>\n<div class=\"cxmmr5t8 oygrvhab hcukyx3x c1et5uql o9v6fnle ii04i59q\">\n<div dir=\"auto\">Considerando a decis\u00e3o tomada em reuni\u00e3o do Comit\u00ea Gestor de Preven\u00e7\u00e3o ao COVID-19, na data de 07\/06\/2022, comunicamos que, a partir de 09\/06\/2022, ser\u00e1 obrigat\u00f3rio o uso de m\u00e1scaras nos estabelecimentos p\u00fablicos (escolas, postos de sa\u00fade, \u00f4nibus, prefeitura e outros).<\/div>\n<\/div>\n<div class=\"cxmmr5t8 oygrvhab hcukyx3x c1et5uql o9v6fnle ii04i59q\">\n<div dir=\"auto\">Agradecemos a compreens\u00e3o e contamos com a colabora\u00e7\u00e3o de todos!<\/div>\n<\/div>\n","protected":false},"excerpt":{"rendered":"<p>Prezados Mun\u00edcipes, Considerando a decis\u00e3o tomada em reuni\u00e3o do Comit\u00ea [&hellip;]<\/p>\n","protected":false},"author":1,"featured_media":0,"comment_status":"open","ping_status":"open","sticky":false,"template":"","format":"standard","meta":{"footnotes":""},"categories":[29],"tags":[],"class_list":["post-3131","post","type-post","status-publish","format-standard","hentry","category-noticias"],"_links":{"self":[{"href":"https:\/\/domvicoso.mg.gov.br\/v1\/wp-json\/wp\/v2\/posts\/3131","targetHints":{"allow":["GET"]}}],"collection":[{"href":"https:\/\/domvicoso.mg.gov.br\/v1\/wp-json\/wp\/v2\/posts"}],"about":[{"href":"https:\/\/domvicoso.mg.gov.br\/v1\/wp-json\/wp\/v2\/types\/post"}],"author":[{"embeddable":true,"href":"https:\/\/domvicoso.mg.gov.br\/v1\/wp-json\/wp\/v2\/users\/1"}],"replies":[{"embeddable":true,"href":"https:\/\/domvicoso.mg.gov.br\/v1\/wp-json\/wp\/v2\/comments?post=3131"}],"version-history":[{"count":1,"href":"https:\/\/domvicoso.mg.gov.br\/v1\/wp-json\/wp\/v2\/posts\/3131\/revisions"}],"predecessor-version":[{"id":3132,"href":"https:\/\/domvicoso.mg.gov.br\/v1\/wp-json\/wp\/v2\/posts\/3131\/revisions\/3132"}],"wp:attachment":[{"href":"https:\/\/domvicoso.mg.gov.br\/v1\/wp-json\/wp\/v2\/media?parent=3131"}],"wp:term":[{"taxonomy":"category","embeddable":true,"href":"https:\/\/domvicoso.mg.gov.br\/v1\/wp-json\/wp\/v2\/categories?post=3131"},{"taxonomy":"post_tag","embeddable":true,"href":"https:\/\/domvicoso.mg.gov.br\/v1\/wp-json\/wp\/v2\/tags?post=3131"}],"curies":[{"name":"wp","href":"https:\/\/api.w.org\/{rel}","templated":true}]}}