{"id":3136,"date":"2022-06-15T16:36:34","date_gmt":"2022-06-15T16:36:34","guid":{"rendered":"https:\/\/domvicoso.mg.gov.br\/v1\/?p=3136"},"modified":"2022-06-15T16:36:34","modified_gmt":"2022-06-15T16:36:34","slug":"atencao-4","status":"publish","type":"post","link":"https:\/\/domvicoso.mg.gov.br\/v1\/atencao-4\/","title":{"rendered":"Aten\u00e7\u00e3o!!!!!"},"content":{"rendered":"<div class=\"kvgmc6g5 cxmmr5t8 oygrvhab hcukyx3x c1et5uql ii04i59q\">\n<div dir=\"auto\"><\/div>\n<\/div>\n<div class=\"cxmmr5t8 oygrvhab hcukyx3x c1et5uql o9v6fnle ii04i59q\">\n<div dir=\"auto\">Voc\u00ea aluno que j\u00e1 formou no Ensino M\u00e9dio e procura se especializar!!!!!<\/div>\n<div dir=\"auto\">Chegou a hora, venha ser um aluno do IFSULDEMINAS \u2013 CAMPUS CARMO DE MINAS \u2013 PARCERIA COM O POLO DOM VI\u00c7OSO, no CURSO T\u00c9CNICO EM ADMINISTRA\u00c7\u00c3O EM EAD, com dura\u00e7\u00e3o de 12 meses, com dois encontros presenciais no m\u00eas.<\/div>\n<div dir=\"auto\">Uma grande chance para te preparar para o Mercado de Trabalho!!!!!<\/div>\n<div dir=\"auto\"><span class=\"pq6dq46d tbxw36s4 knj5qynh kvgmc6g5 ditlmg2l oygrvhab nvdbi5me sf5mxxl7 gl3lb2sf hhz5lgdu\"><img class=\"lazyload\" decoding=\"async\" src=\"data:image\/svg+xml,%3Csvg%20xmlns%3D%27http%3A%2F%2Fwww.w3.org%2F2000%2Fsvg%27%20width%3D%2716%27%20height%3D%2716%27%20viewBox%3D%270%200%2016%2016%27%3E%3Crect%20width%3D%2716%27%20height%3D%2716%27%20fill-opacity%3D%220%22%2F%3E%3C%2Fsvg%3E\" data-orig-src=\"https:\/\/static.xx.fbcdn.net\/images\/emoji.php\/v9\/t48\/1\/16\/21aa.png\" alt=\"&#x21aa;\" width=\"16\" height=\"16\" \/><\/span> Fa\u00e7a j\u00e1 sua inscri\u00e7\u00e3o!!! Instituto Federal, gratuito e de qualidade!!!! <span class=\"pq6dq46d tbxw36s4 knj5qynh kvgmc6g5 ditlmg2l oygrvhab nvdbi5me sf5mxxl7 gl3lb2sf hhz5lgdu\"><img class=\"lazyload\" decoding=\"async\" src=\"data:image\/svg+xml,%3Csvg%20xmlns%3D%27http%3A%2F%2Fwww.w3.org%2F2000%2Fsvg%27%20width%3D%2716%27%20height%3D%2716%27%20viewBox%3D%270%200%2016%2016%27%3E%3Crect%20width%3D%2716%27%20height%3D%2716%27%20fill-opacity%3D%220%22%2F%3E%3C%2Fsvg%3E\" data-orig-src=\"https:\/\/static.xx.fbcdn.net\/images\/emoji.php\/v9\/t9e\/1\/16\/27a1.png\" alt=\"&#x27a1;&#xfe0f;\" width=\"16\" height=\"16\" \/><\/span><\/div>\n<div dir=\"auto\">CURSO T\u00c9CNICO EM ADMINISTRA\u00c7\u00c3O &#8211; SUBSEQUENTE<\/div>\n<div dir=\"auto\">Mais uma grande parceria entre o IFSULDEMINAS &#8211; Campus Avan\u00e7ado de Carmo de Minas, Prefeitura Municipal de Dom Vi\u00e7oso, Secretaria de Educa\u00e7\u00e3o e Polo de Dom Vi\u00e7oso.<\/div>\n<div dir=\"auto\">Curso T\u00e9cnico em Administra\u00e7\u00e3o &#8211; Subsequente &#8211; EaD.<\/div>\n<div dir=\"auto\">(Candidatos que j\u00e1 conclu\u00edram o Ensino M\u00e9dio).<\/div>\n<div dir=\"auto\">100 vagas<\/div>\n<div dir=\"auto\">Per\u00edodo de inscri\u00e7\u00f5es:<\/div>\n<div dir=\"auto\">*03 de junho &#8211; 14h at\u00e9<\/div>\n<div dir=\"auto\">23 de junho &#8211; 17h59*<\/div>\n<div dir=\"auto\">Link do edital:<\/div>\n<div dir=\"auto\"><a class=\"oajrlxb2 g5ia77u1 qu0x051f esr5mh6w e9989ue4 r7d6kgcz rq0escxv nhd2j8a9 nc684nl6 p7hjln8o kvgmc6g5 cxmmr5t8 oygrvhab hcukyx3x jb3vyjys rz4wbd8a qt6c0cv9 a8nywdso i1ao9s8h esuyzwwr f1sip0of lzcic4wl gpro0wi8 py34i1dx\" tabindex=\"0\" role=\"link\" href=\"https:\/\/l.facebook.com\/l.php?u=https%3A%2F%2Fportal.ifsuldeminas.edu.br%2F...%2F5239-edital-164&amp;h=AT1x2AUQFm-WjeK5GH6W3YeWSaLFuC6SaCJFB-aQoZto36ftBEw-9OlHcBKdCJaQc0ADq8fTH_09RQUqUm_mUu0Bn7VxJ-gM40AVNCUb_39suMAwOMI7km0V1rvpra37LM4gdc_FNVtzfr6wF4oZ&amp;__tn__=-UK-R&amp;c[0]=AT0GBN9U3FbxIdH0MvRwIsHGS6qxC05hrojl6pk-QUgNOu6T0ogdGAuozSuN6rNkd6vaCrc-4R-EA3nwHauJANhaM9H8cB7Z2LkJ465zT-QdgfJ6iePuzD1wsN5N0xgbxRkM895XbnKSzLMFK8pNyNDlUUjW2ltM0JvdspRvn_AjgJcMiO0LpO9vs4NykMFdHcCNnpILFgpQ_TBcXqklPpyYkyiibeox\" target=\"_blank\" rel=\"nofollow noopener\">https:\/\/portal.ifsuldeminas.edu.br\/&#8230;\/5239-edital-164<\/a>&#8230;<\/div>\n<div dir=\"auto\">Ou <a class=\"oajrlxb2 g5ia77u1 qu0x051f esr5mh6w e9989ue4 r7d6kgcz rq0escxv nhd2j8a9 nc684nl6 p7hjln8o kvgmc6g5 cxmmr5t8 oygrvhab hcukyx3x jb3vyjys rz4wbd8a qt6c0cv9 a8nywdso i1ao9s8h esuyzwwr f1sip0of lzcic4wl gpro0wi8 py34i1dx\" tabindex=\"0\" role=\"link\" href=\"https:\/\/l.facebook.com\/l.php?u=https%3A%2F%2Fportal.ifsuldeminas.edu.br%2F...%2FEdital%2520164-2022&amp;h=AT2woWt1sXaeualbK7bIc0DNSBBcBkLgowHMCIEn5mDbBR01wTCi9TmWcYVQCAOnGJaFgDNhzicyiLvpxV50Snxhrhprc0q-zf93exigkOZ3pA7Eo8Xz5akiiYwHxg5wPL7n3tLkHjb26KlAWkms&amp;__tn__=-UK-R&amp;c[0]=AT0GBN9U3FbxIdH0MvRwIsHGS6qxC05hrojl6pk-QUgNOu6T0ogdGAuozSuN6rNkd6vaCrc-4R-EA3nwHauJANhaM9H8cB7Z2LkJ465zT-QdgfJ6iePuzD1wsN5N0xgbxRkM895XbnKSzLMFK8pNyNDlUUjW2ltM0JvdspRvn_AjgJcMiO0LpO9vs4NykMFdHcCNnpILFgpQ_TBcXqklPpyYkyiibeox\" target=\"_blank\" rel=\"nofollow noopener\">https:\/\/portal.ifsuldeminas.edu.br\/&#8230;\/Edital%20164-2022<\/a>&#8230;<\/div>\n<div dir=\"auto\">Link para inscri\u00e7\u00e3o:<\/div>\n<div dir=\"auto\"><a class=\"oajrlxb2 g5ia77u1 qu0x051f esr5mh6w e9989ue4 r7d6kgcz rq0escxv nhd2j8a9 nc684nl6 p7hjln8o kvgmc6g5 cxmmr5t8 oygrvhab hcukyx3x jb3vyjys rz4wbd8a qt6c0cv9 a8nywdso i1ao9s8h esuyzwwr f1sip0of lzcic4wl gpro0wi8 py34i1dx\" tabindex=\"0\" role=\"link\" href=\"https:\/\/l.facebook.com\/l.php?u=https%3A%2F%2Finscricaovestibular.ifsuldeminas.edu.br%2F&amp;h=AT2d8nmig6e6gLWAAhO-TfOcAKLRXFMHmR_3d9puPcKtsi79bAYGjn-CkS3AgZzCipCmBIhOHpUXwfmRTrwbowdUOSBlSyYfRHVqCbZqnKFC1Kd9ACRy2ocIaa8JddoLCwRRrDjpkX16B93NSSfi&amp;__tn__=-UK-R&amp;c[0]=AT0GBN9U3FbxIdH0MvRwIsHGS6qxC05hrojl6pk-QUgNOu6T0ogdGAuozSuN6rNkd6vaCrc-4R-EA3nwHauJANhaM9H8cB7Z2LkJ465zT-QdgfJ6iePuzD1wsN5N0xgbxRkM895XbnKSzLMFK8pNyNDlUUjW2ltM0JvdspRvn_AjgJcMiO0LpO9vs4NykMFdHcCNnpILFgpQ_TBcXqklPpyYkyiibeox\" target=\"_blank\" rel=\"nofollow noopener\">https:\/\/inscricaovestibular.ifsuldeminas.edu.br\/<\/a><\/div>\n<div dir=\"auto\">Para se inscrever no processo seletivo, o(a) candidato(a) dever\u00e1 acessar a p\u00e1gina do IFSULDEMINAS (<a class=\"oajrlxb2 g5ia77u1 qu0x051f esr5mh6w e9989ue4 r7d6kgcz rq0escxv nhd2j8a9 nc684nl6 p7hjln8o kvgmc6g5 cxmmr5t8 oygrvhab hcukyx3x jb3vyjys rz4wbd8a qt6c0cv9 a8nywdso i1ao9s8h esuyzwwr f1sip0of lzcic4wl gpro0wi8 py34i1dx\" tabindex=\"0\" role=\"link\" href=\"https:\/\/l.facebook.com\/l.php?u=http%3A%2F%2Fwww.ifsuldeminas.edu.br%2F&amp;h=AT2WsxrogHYLLWXhgwd6M7qmIfsJrt-HZ89HX7dMCPZ3KPlAWAEtoX8poC6HqtrORpuo06WxgCSOCh3bgzYd8QdV8c-QgenX2hTALYuL5xuOiwG5pjmxAa18L8JJtTpXc4_OkwBDyxyBaIZVkg2A&amp;__tn__=-UK-R&amp;c[0]=AT0GBN9U3FbxIdH0MvRwIsHGS6qxC05hrojl6pk-QUgNOu6T0ogdGAuozSuN6rNkd6vaCrc-4R-EA3nwHauJANhaM9H8cB7Z2LkJ465zT-QdgfJ6iePuzD1wsN5N0xgbxRkM895XbnKSzLMFK8pNyNDlUUjW2ltM0JvdspRvn_AjgJcMiO0LpO9vs4NykMFdHcCNnpILFgpQ_TBcXqklPpyYkyiibeox\" target=\"_blank\" rel=\"nofollow noopener\">http:\/\/www.ifsuldeminas.edu.br<\/a>) acessar o link \u201cVestibular\u201d, em seguida clicar na op\u00e7\u00e3o \u201cInscreva-se\/Acompanhe sua inscri\u00e7\u00e3o\u201d. Realizado o acesso, dever\u00e1 selecionar o \u00edcone \u201cENTRAR COM GOV.BR\u201d para ser direcionado \u00e0 plataforma gov.br.<\/div>\n<div dir=\"auto\">Observa\u00e7\u00e3o: Ao fazer a inscri\u00e7\u00e3o colocar POLO DE DOM VI\u00c7OSO.<\/div>\n<\/div>\n<div class=\"cxmmr5t8 oygrvhab hcukyx3x c1et5uql o9v6fnle ii04i59q\">\n<div dir=\"auto\">Contato no <span class=\"pq6dq46d tbxw36s4 knj5qynh kvgmc6g5 ditlmg2l oygrvhab nvdbi5me sf5mxxl7 gl3lb2sf hhz5lgdu\"><img class=\"lazyload\" decoding=\"async\" src=\"data:image\/svg+xml,%3Csvg%20xmlns%3D%27http%3A%2F%2Fwww.w3.org%2F2000%2Fsvg%27%20width%3D%2716%27%20height%3D%2716%27%20viewBox%3D%270%200%2016%2016%27%3E%3Crect%20width%3D%2716%27%20height%3D%2716%27%20fill-opacity%3D%220%22%2F%3E%3C%2Fsvg%3E\" data-orig-src=\"https:\/\/static.xx.fbcdn.net\/images\/emoji.php\/v9\/t22\/1\/16\/260e.png\" alt=\"&#x260e;&#xfe0f;\" width=\"16\" height=\"16\" \/><\/span> WhatsApp (35) 99878-3325 com Tutor Marcelino<\/div>\n<\/div>\n","protected":false},"excerpt":{"rendered":"<p>Voc\u00ea aluno que j\u00e1 formou no Ensino M\u00e9dio e procura [&hellip;]<\/p>\n","protected":false},"author":1,"featured_media":3137,"comment_status":"open","ping_status":"open","sticky":false,"template":"","format":"standard","meta":{"footnotes":""},"categories":[29],"tags":[],"class_list":["post-3136","post","type-post","status-publish","format-standard","has-post-thumbnail","hentry","category-noticias"],"_links":{"self":[{"href":"https:\/\/domvicoso.mg.gov.br\/v1\/wp-json\/wp\/v2\/posts\/3136","targetHints":{"allow":["GET"]}}],"collection":[{"href":"https:\/\/domvicoso.mg.gov.br\/v1\/wp-json\/wp\/v2\/posts"}],"about":[{"href":"https:\/\/domvicoso.mg.gov.br\/v1\/wp-json\/wp\/v2\/types\/post"}],"author":[{"embeddable":true,"href":"https:\/\/domvicoso.mg.gov.br\/v1\/wp-json\/wp\/v2\/users\/1"}],"replies":[{"embeddable":true,"href":"https:\/\/domvicoso.mg.gov.br\/v1\/wp-json\/wp\/v2\/comments?post=3136"}],"version-history":[{"count":1,"href":"https:\/\/domvicoso.mg.gov.br\/v1\/wp-json\/wp\/v2\/posts\/3136\/revisions"}],"predecessor-version":[{"id":3138,"href":"https:\/\/domvicoso.mg.gov.br\/v1\/wp-json\/wp\/v2\/posts\/3136\/revisions\/3138"}],"wp:featuredmedia":[{"embeddable":true,"href":"https:\/\/domvicoso.mg.gov.br\/v1\/wp-json\/wp\/v2\/media\/3137"}],"wp:attachment":[{"href":"https:\/\/domvicoso.mg.gov.br\/v1\/wp-json\/wp\/v2\/media?parent=3136"}],"wp:term":[{"taxonomy":"category","embeddable":true,"href":"https:\/\/domvicoso.mg.gov.br\/v1\/wp-json\/wp\/v2\/categories?post=3136"},{"taxonomy":"post_tag","embeddable":true,"href":"https:\/\/domvicoso.mg.gov.br\/v1\/wp-json\/wp\/v2\/tags?post=3136"}],"curies":[{"name":"wp","href":"https:\/\/api.w.org\/{rel}","templated":true}]}}