{"id":3163,"date":"2022-06-23T12:11:57","date_gmt":"2022-06-23T12:11:57","guid":{"rendered":"https:\/\/domvicoso.mg.gov.br\/v1\/?p=3163"},"modified":"2022-06-23T12:11:57","modified_gmt":"2022-06-23T12:11:57","slug":"projeto-do-portal-de-nosso-municipio","status":"publish","type":"post","link":"https:\/\/domvicoso.mg.gov.br\/v1\/projeto-do-portal-de-nosso-municipio\/","title":{"rendered":"Projeto do Portal de nosso munic\u00edpio"},"content":{"rendered":"<p style=\"text-align: justify;\">Ontem, segunda-feira 20 de junho, recebemos a visita das Arquitetas respons\u00e1veis pelo projeto do Portal de nosso munic\u00edpio. Acompanhadas da Secret\u00e1ria de Cultura e Turismo Elizangela Maria, do Engenheiro respons\u00e1vel Andrew Fillipe Mota e a assessora de cadastro Talita Cristina Deodato as arquitetas fizeram medi\u00e7\u00f5es e proje\u00e7\u00f5es para melhor visualizarem o projeto. Foi feito um gr\u00e3o de caf\u00e9 em TNT com as medidas originais do planejamento para entenderem melhor a viabilidade e posicionamento da estrutura que ser\u00e1 feito em chapa de a\u00e7o medindo 2&#215;2 metros. O que podemos declarar de antem\u00e3o \u00e9 que o projeto \u00e9 incr\u00edvel e h\u00e1 muito trabalho sendo feito para que o nosso portal seja a cara de nossa cidade.<span class=\"pq6dq46d tbxw36s4 knj5qynh kvgmc6g5 ditlmg2l oygrvhab nvdbi5me sf5mxxl7 gl3lb2sf hhz5lgdu\"><img class=\"lazyload\" decoding=\"async\" src=\"data:image\/svg+xml,%3Csvg%20xmlns%3D%27http%3A%2F%2Fwww.w3.org%2F2000%2Fsvg%27%20width%3D%2716%27%20height%3D%2716%27%20viewBox%3D%270%200%2016%2016%27%3E%3Crect%20width%3D%2716%27%20height%3D%2716%27%20fill-opacity%3D%220%22%2F%3E%3C%2Fsvg%3E\" data-orig-src=\"https:\/\/static.xx.fbcdn.net\/images\/emoji.php\/v9\/tfe\/1\/16\/1f44f.png\" alt=\"&#x1f44f;\" width=\"16\" height=\"16\" \/><\/span><span class=\"pq6dq46d tbxw36s4 knj5qynh kvgmc6g5 ditlmg2l oygrvhab nvdbi5me sf5mxxl7 gl3lb2sf hhz5lgdu\"><img class=\"lazyload\" decoding=\"async\" src=\"data:image\/svg+xml,%3Csvg%20xmlns%3D%27http%3A%2F%2Fwww.w3.org%2F2000%2Fsvg%27%20width%3D%2716%27%20height%3D%2716%27%20viewBox%3D%270%200%2016%2016%27%3E%3Crect%20width%3D%2716%27%20height%3D%2716%27%20fill-opacity%3D%220%22%2F%3E%3C%2Fsvg%3E\" data-orig-src=\"https:\/\/static.xx.fbcdn.net\/images\/emoji.php\/v9\/tb8\/1\/16\/1f64c_1f3fb.png\" alt=\"&#x1f64c;&#x1f3fb;\" width=\"16\" height=\"16\" \/><\/span><\/p>\n<p>Fonte: <a href=\"https:\/\/www.facebook.com\/setormunicipalculturadomvicoso\">Facebook Setor Municipal de Cultura, Turismo e Meio Ambiente de Dom Vi\u00e7oso-MG.<\/a><\/p>\n","protected":false},"excerpt":{"rendered":"<p>Ontem, segunda-feira 20 de junho, recebemos a visita das Arquitetas [&hellip;]<\/p>\n","protected":false},"author":1,"featured_media":3168,"comment_status":"open","ping_status":"open","sticky":false,"template":"","format":"standard","meta":{"footnotes":""},"categories":[29],"tags":[],"class_list":["post-3163","post","type-post","status-publish","format-standard","has-post-thumbnail","hentry","category-noticias"],"_links":{"self":[{"href":"https:\/\/domvicoso.mg.gov.br\/v1\/wp-json\/wp\/v2\/posts\/3163","targetHints":{"allow":["GET"]}}],"collection":[{"href":"https:\/\/domvicoso.mg.gov.br\/v1\/wp-json\/wp\/v2\/posts"}],"about":[{"href":"https:\/\/domvicoso.mg.gov.br\/v1\/wp-json\/wp\/v2\/types\/post"}],"author":[{"embeddable":true,"href":"https:\/\/domvicoso.mg.gov.br\/v1\/wp-json\/wp\/v2\/users\/1"}],"replies":[{"embeddable":true,"href":"https:\/\/domvicoso.mg.gov.br\/v1\/wp-json\/wp\/v2\/comments?post=3163"}],"version-history":[{"count":1,"href":"https:\/\/domvicoso.mg.gov.br\/v1\/wp-json\/wp\/v2\/posts\/3163\/revisions"}],"predecessor-version":[{"id":3169,"href":"https:\/\/domvicoso.mg.gov.br\/v1\/wp-json\/wp\/v2\/posts\/3163\/revisions\/3169"}],"wp:featuredmedia":[{"embeddable":true,"href":"https:\/\/domvicoso.mg.gov.br\/v1\/wp-json\/wp\/v2\/media\/3168"}],"wp:attachment":[{"href":"https:\/\/domvicoso.mg.gov.br\/v1\/wp-json\/wp\/v2\/media?parent=3163"}],"wp:term":[{"taxonomy":"category","embeddable":true,"href":"https:\/\/domvicoso.mg.gov.br\/v1\/wp-json\/wp\/v2\/categories?post=3163"},{"taxonomy":"post_tag","embeddable":true,"href":"https:\/\/domvicoso.mg.gov.br\/v1\/wp-json\/wp\/v2\/tags?post=3163"}],"curies":[{"name":"wp","href":"https:\/\/api.w.org\/{rel}","templated":true}]}}