{"id":3209,"date":"2022-06-29T14:05:36","date_gmt":"2022-06-29T14:05:36","guid":{"rendered":"https:\/\/domvicoso.mg.gov.br\/v1\/?p=3209"},"modified":"2022-06-29T14:05:36","modified_gmt":"2022-06-29T14:05:36","slug":"assembleia-para-votacao-da-nova-diretoria-da-associacao-dos-produtores-de-cafes-especiais-de-dom-vicoso","status":"publish","type":"post","link":"https:\/\/domvicoso.mg.gov.br\/v1\/assembleia-para-votacao-da-nova-diretoria-da-associacao-dos-produtores-de-cafes-especiais-de-dom-vicoso\/","title":{"rendered":"Assembleia para vota\u00e7\u00e3o da nova diretoria da Associa\u00e7\u00e3o dos Produtores de Caf\u00e9s Especiais de Dom Vi\u00e7oso"},"content":{"rendered":"<div class=\"kvgmc6g5 cxmmr5t8 oygrvhab hcukyx3x c1et5uql ii04i59q\">\n<div dir=\"auto\" style=\"text-align: justify;\">Ontem 28\/06, foi realizada Assembleia para vota\u00e7\u00e3o da nova diretoria da Associa\u00e7\u00e3o dos Produtores de Caf\u00e9s Especiais de Dom Vi\u00e7oso. A nova diretoria assume com o objetivo de consolidar a Associa\u00e7\u00e3o, buscando melhorias e maior suporte t\u00e9cnico aos produtores de caf\u00e9s de Dom Vi\u00e7oso. Tamb\u00e9m estiveram presentes e reafirmaram apoio \u00e0 Associa\u00e7\u00e3o o Prefeito Nei, o Vice-Prefeito Paulo Henrique e o vereador Joaquim Adolfo.<\/div>\n<div dir=\"auto\" style=\"text-align: justify;\">A cidade de Dom Vi\u00e7oso deseja sucesso \u00e0 nova diretoria!<\/div>\n<\/div>\n<div class=\"cxmmr5t8 oygrvhab hcukyx3x c1et5uql o9v6fnle ii04i59q\">\n<div dir=\"auto\" style=\"text-align: justify;\">Presidente: Anuar Abussamra;<\/div>\n<div dir=\"auto\" style=\"text-align: justify;\">Vice-presidente: Murilo Teixeira;<\/div>\n<div dir=\"auto\" style=\"text-align: justify;\">Tesoureiro: Eduardo Hassumi;<\/div>\n<div dir=\"auto\" style=\"text-align: justify;\">Secret\u00e1rio: Nilton Carlos Clemente;<\/div>\n<div dir=\"auto\" style=\"text-align: justify;\">Conselho Fiscal: Wagner Teodoro, Ivonildo Cardoso, Marcos Ant\u00f4nio Varella e Cleiton da Silva.<\/div>\n<\/div>\n","protected":false},"excerpt":{"rendered":"<p>Ontem 28\/06, foi realizada Assembleia para vota\u00e7\u00e3o da nova diretoria [&hellip;]<\/p>\n","protected":false},"author":1,"featured_media":3211,"comment_status":"open","ping_status":"open","sticky":false,"template":"","format":"standard","meta":{"footnotes":""},"categories":[29],"tags":[],"class_list":["post-3209","post","type-post","status-publish","format-standard","has-post-thumbnail","hentry","category-noticias"],"_links":{"self":[{"href":"https:\/\/domvicoso.mg.gov.br\/v1\/wp-json\/wp\/v2\/posts\/3209","targetHints":{"allow":["GET"]}}],"collection":[{"href":"https:\/\/domvicoso.mg.gov.br\/v1\/wp-json\/wp\/v2\/posts"}],"about":[{"href":"https:\/\/domvicoso.mg.gov.br\/v1\/wp-json\/wp\/v2\/types\/post"}],"author":[{"embeddable":true,"href":"https:\/\/domvicoso.mg.gov.br\/v1\/wp-json\/wp\/v2\/users\/1"}],"replies":[{"embeddable":true,"href":"https:\/\/domvicoso.mg.gov.br\/v1\/wp-json\/wp\/v2\/comments?post=3209"}],"version-history":[{"count":1,"href":"https:\/\/domvicoso.mg.gov.br\/v1\/wp-json\/wp\/v2\/posts\/3209\/revisions"}],"predecessor-version":[{"id":3213,"href":"https:\/\/domvicoso.mg.gov.br\/v1\/wp-json\/wp\/v2\/posts\/3209\/revisions\/3213"}],"wp:featuredmedia":[{"embeddable":true,"href":"https:\/\/domvicoso.mg.gov.br\/v1\/wp-json\/wp\/v2\/media\/3211"}],"wp:attachment":[{"href":"https:\/\/domvicoso.mg.gov.br\/v1\/wp-json\/wp\/v2\/media?parent=3209"}],"wp:term":[{"taxonomy":"category","embeddable":true,"href":"https:\/\/domvicoso.mg.gov.br\/v1\/wp-json\/wp\/v2\/categories?post=3209"},{"taxonomy":"post_tag","embeddable":true,"href":"https:\/\/domvicoso.mg.gov.br\/v1\/wp-json\/wp\/v2\/tags?post=3209"}],"curies":[{"name":"wp","href":"https:\/\/api.w.org\/{rel}","templated":true}]}}