{"id":3287,"date":"2022-07-04T21:01:15","date_gmt":"2022-07-04T21:01:15","guid":{"rendered":"https:\/\/domvicoso.mg.gov.br\/v1\/?p=3287"},"modified":"2022-07-04T21:01:15","modified_gmt":"2022-07-04T21:01:15","slug":"arraia-do-cras-de-dom-vicoso","status":"publish","type":"post","link":"https:\/\/domvicoso.mg.gov.br\/v1\/arraia-do-cras-de-dom-vicoso\/","title":{"rendered":"Arr\u00e1ia do CRAS de Dom Vi\u00e7oso"},"content":{"rendered":"<p style=\"text-align: justify;\">O Arr\u00e1ia do CRAS que aconteceu ontem no clube Municipal da cidade foi um sucesso. A festan\u00e7a contou uma linda decora\u00e7\u00e3o, banda ao vivo e comidas t\u00edpicas. O grupo Bem Viver, se divertiu muito no festejo.<\/p>\n","protected":false},"excerpt":{"rendered":"<p>O Arr\u00e1ia do CRAS que aconteceu ontem no clube Municipal [&hellip;]<\/p>\n","protected":false},"author":1,"featured_media":3292,"comment_status":"open","ping_status":"open","sticky":false,"template":"","format":"standard","meta":{"footnotes":""},"categories":[29],"tags":[],"class_list":["post-3287","post","type-post","status-publish","format-standard","has-post-thumbnail","hentry","category-noticias"],"_links":{"self":[{"href":"https:\/\/domvicoso.mg.gov.br\/v1\/wp-json\/wp\/v2\/posts\/3287","targetHints":{"allow":["GET"]}}],"collection":[{"href":"https:\/\/domvicoso.mg.gov.br\/v1\/wp-json\/wp\/v2\/posts"}],"about":[{"href":"https:\/\/domvicoso.mg.gov.br\/v1\/wp-json\/wp\/v2\/types\/post"}],"author":[{"embeddable":true,"href":"https:\/\/domvicoso.mg.gov.br\/v1\/wp-json\/wp\/v2\/users\/1"}],"replies":[{"embeddable":true,"href":"https:\/\/domvicoso.mg.gov.br\/v1\/wp-json\/wp\/v2\/comments?post=3287"}],"version-history":[{"count":1,"href":"https:\/\/domvicoso.mg.gov.br\/v1\/wp-json\/wp\/v2\/posts\/3287\/revisions"}],"predecessor-version":[{"id":3293,"href":"https:\/\/domvicoso.mg.gov.br\/v1\/wp-json\/wp\/v2\/posts\/3287\/revisions\/3293"}],"wp:featuredmedia":[{"embeddable":true,"href":"https:\/\/domvicoso.mg.gov.br\/v1\/wp-json\/wp\/v2\/media\/3292"}],"wp:attachment":[{"href":"https:\/\/domvicoso.mg.gov.br\/v1\/wp-json\/wp\/v2\/media?parent=3287"}],"wp:term":[{"taxonomy":"category","embeddable":true,"href":"https:\/\/domvicoso.mg.gov.br\/v1\/wp-json\/wp\/v2\/categories?post=3287"},{"taxonomy":"post_tag","embeddable":true,"href":"https:\/\/domvicoso.mg.gov.br\/v1\/wp-json\/wp\/v2\/tags?post=3287"}],"curies":[{"name":"wp","href":"https:\/\/api.w.org\/{rel}","templated":true}]}}