{"id":3316,"date":"2022-07-09T15:09:09","date_gmt":"2022-07-09T15:09:09","guid":{"rendered":"https:\/\/domvicoso.mg.gov.br\/v1\/?p=3316"},"modified":"2022-07-09T15:09:09","modified_gmt":"2022-07-09T15:09:09","slug":"curso-gratuito-de-barista-pelo-senar","status":"publish","type":"post","link":"https:\/\/domvicoso.mg.gov.br\/v1\/curso-gratuito-de-barista-pelo-senar\/","title":{"rendered":"Curso gratuito de Barista pelo SENAR"},"content":{"rendered":"<div dir=\"auto\" style=\"text-align: justify;\">O <a class=\"oajrlxb2 g5ia77u1 qu0x051f esr5mh6w e9989ue4 r7d6kgcz rq0escxv nhd2j8a9 nc684nl6 p7hjln8o kvgmc6g5 cxmmr5t8 oygrvhab hcukyx3x jb3vyjys rz4wbd8a qt6c0cv9 a8nywdso i1ao9s8h esuyzwwr f1sip0of lzcic4wl gpro0wi8 q66pz984 b1v8xokw\" tabindex=\"0\" role=\"link\" href=\"https:\/\/www.facebook.com\/senariguatama\/?__cft__[0]=AZXuYGt6PEQ-s-PKeJoG3OXziwPDRSX_NuaBktVdd9ttL60LJDmXk0PvFf2Ed1ziIOkRK5vrazg31Tb9l23-hxXwB2eKXHhxrK0QsxD24inw4d5bes1g5bL7989muf2aEHAbjE0BrJe4A6WCygtQrqlU3jTMO9v7vz6J2vzLXMi1002JTef6ymdGzHlRR_eQ1pCI75GhK-H-cYTKm-eNnbAh&amp;__tn__=kK-R\">SENAR<\/a> oferece Curso gratuito de Barista, profissional especializado em extra\u00e7\u00e3o e m\u00e9todos de preparo de caf\u00e9s.<\/div>\n<div dir=\"auto\" style=\"text-align: justify;\">Inscri\u00e7\u00f5es: (35) 99161-0578<\/div>\n<div dir=\"auto\" style=\"text-align: justify;\">Data: 27 e 28 de Julho.<\/div>\n<div dir=\"auto\" style=\"text-align: justify;\">Local: Funda\u00e7\u00e3o F\u00eanix, Av. Dami\u00e3o Junqueira, 740 &#8211; Federal &#8211; S\u00e3o Louren\u00e7o.<\/div>\n","protected":false},"excerpt":{"rendered":"<p>O SENAR oferece Curso gratuito de Barista, profissional especializado em [&hellip;]<\/p>\n","protected":false},"author":1,"featured_media":3317,"comment_status":"open","ping_status":"open","sticky":false,"template":"","format":"standard","meta":{"footnotes":""},"categories":[29],"tags":[],"class_list":["post-3316","post","type-post","status-publish","format-standard","has-post-thumbnail","hentry","category-noticias"],"_links":{"self":[{"href":"https:\/\/domvicoso.mg.gov.br\/v1\/wp-json\/wp\/v2\/posts\/3316","targetHints":{"allow":["GET"]}}],"collection":[{"href":"https:\/\/domvicoso.mg.gov.br\/v1\/wp-json\/wp\/v2\/posts"}],"about":[{"href":"https:\/\/domvicoso.mg.gov.br\/v1\/wp-json\/wp\/v2\/types\/post"}],"author":[{"embeddable":true,"href":"https:\/\/domvicoso.mg.gov.br\/v1\/wp-json\/wp\/v2\/users\/1"}],"replies":[{"embeddable":true,"href":"https:\/\/domvicoso.mg.gov.br\/v1\/wp-json\/wp\/v2\/comments?post=3316"}],"version-history":[{"count":1,"href":"https:\/\/domvicoso.mg.gov.br\/v1\/wp-json\/wp\/v2\/posts\/3316\/revisions"}],"predecessor-version":[{"id":3318,"href":"https:\/\/domvicoso.mg.gov.br\/v1\/wp-json\/wp\/v2\/posts\/3316\/revisions\/3318"}],"wp:featuredmedia":[{"embeddable":true,"href":"https:\/\/domvicoso.mg.gov.br\/v1\/wp-json\/wp\/v2\/media\/3317"}],"wp:attachment":[{"href":"https:\/\/domvicoso.mg.gov.br\/v1\/wp-json\/wp\/v2\/media?parent=3316"}],"wp:term":[{"taxonomy":"category","embeddable":true,"href":"https:\/\/domvicoso.mg.gov.br\/v1\/wp-json\/wp\/v2\/categories?post=3316"},{"taxonomy":"post_tag","embeddable":true,"href":"https:\/\/domvicoso.mg.gov.br\/v1\/wp-json\/wp\/v2\/tags?post=3316"}],"curies":[{"name":"wp","href":"https:\/\/api.w.org\/{rel}","templated":true}]}}