{"id":3399,"date":"2022-07-18T21:05:26","date_gmt":"2022-07-18T21:05:26","guid":{"rendered":"https:\/\/domvicoso.mg.gov.br\/v1\/?p=3399"},"modified":"2022-07-18T21:05:26","modified_gmt":"2022-07-18T21:05:26","slug":"o-nascimento-de-mais-uma-bezerra-do-projeto-fiv-fertilizacao-in-vitro","status":"publish","type":"post","link":"https:\/\/domvicoso.mg.gov.br\/v1\/o-nascimento-de-mais-uma-bezerra-do-projeto-fiv-fertilizacao-in-vitro\/","title":{"rendered":"O nascimento de mais uma bezerra do projeto FIV (Fertiliza\u00e7\u00e3o In Vitro)"},"content":{"rendered":"<div dir=\"auto\" style=\"text-align: justify;\">Mais um motivo de alegria e satisfa\u00e7\u00e3o para a pecu\u00e1ria leiteira de Dom Vi\u00e7oso! Nossa produtora, Francisca Aldieria Abanca, foi agraciada com o nascimento de mais uma bezerra do projeto FIV (Fertiliza\u00e7\u00e3o In Vitro), em parceria com o SEBRAE\/MG. Marcando o in\u00edcio de uma nova era na pecu\u00e1ria de nosso munic\u00edpio.<\/div>\n<div dir=\"auto\" style=\"text-align: justify;\">Obrigado \u00e0 equipe de campo, liderada pelo vice-prefeito Tomate: Eng. Agr\u00f4nomo Saulo (EMATER), veterin\u00e1rio Marcos Paulo e o auxiliar de veterin\u00e1rio Gustavo Silva. Estendemos um agradecimento especial a todos os produtores que acreditaram no projeto e por receber com muito carinho a nossa equipe!<\/div>\n","protected":false},"excerpt":{"rendered":"<p>Mais um motivo de alegria e satisfa\u00e7\u00e3o para a pecu\u00e1ria [&hellip;]<\/p>\n","protected":false},"author":1,"featured_media":3403,"comment_status":"open","ping_status":"open","sticky":false,"template":"","format":"standard","meta":{"footnotes":""},"categories":[29],"tags":[],"class_list":["post-3399","post","type-post","status-publish","format-standard","has-post-thumbnail","hentry","category-noticias"],"_links":{"self":[{"href":"https:\/\/domvicoso.mg.gov.br\/v1\/wp-json\/wp\/v2\/posts\/3399","targetHints":{"allow":["GET"]}}],"collection":[{"href":"https:\/\/domvicoso.mg.gov.br\/v1\/wp-json\/wp\/v2\/posts"}],"about":[{"href":"https:\/\/domvicoso.mg.gov.br\/v1\/wp-json\/wp\/v2\/types\/post"}],"author":[{"embeddable":true,"href":"https:\/\/domvicoso.mg.gov.br\/v1\/wp-json\/wp\/v2\/users\/1"}],"replies":[{"embeddable":true,"href":"https:\/\/domvicoso.mg.gov.br\/v1\/wp-json\/wp\/v2\/comments?post=3399"}],"version-history":[{"count":1,"href":"https:\/\/domvicoso.mg.gov.br\/v1\/wp-json\/wp\/v2\/posts\/3399\/revisions"}],"predecessor-version":[{"id":3404,"href":"https:\/\/domvicoso.mg.gov.br\/v1\/wp-json\/wp\/v2\/posts\/3399\/revisions\/3404"}],"wp:featuredmedia":[{"embeddable":true,"href":"https:\/\/domvicoso.mg.gov.br\/v1\/wp-json\/wp\/v2\/media\/3403"}],"wp:attachment":[{"href":"https:\/\/domvicoso.mg.gov.br\/v1\/wp-json\/wp\/v2\/media?parent=3399"}],"wp:term":[{"taxonomy":"category","embeddable":true,"href":"https:\/\/domvicoso.mg.gov.br\/v1\/wp-json\/wp\/v2\/categories?post=3399"},{"taxonomy":"post_tag","embeddable":true,"href":"https:\/\/domvicoso.mg.gov.br\/v1\/wp-json\/wp\/v2\/tags?post=3399"}],"curies":[{"name":"wp","href":"https:\/\/api.w.org\/{rel}","templated":true}]}}