{"id":3409,"date":"2022-07-18T21:08:13","date_gmt":"2022-07-18T21:08:13","guid":{"rendered":"https:\/\/domvicoso.mg.gov.br\/v1\/?p=3409"},"modified":"2022-07-18T21:08:13","modified_gmt":"2022-07-18T21:08:13","slug":"o-artesanato-de-dom-vicoso-marcou-presenca-no-festival-queijo-cafe-e-cachaca-em-sao-lourenco","status":"publish","type":"post","link":"https:\/\/domvicoso.mg.gov.br\/v1\/o-artesanato-de-dom-vicoso-marcou-presenca-no-festival-queijo-cafe-e-cachaca-em-sao-lourenco\/","title":{"rendered":"O artesanato de Dom Vi\u00e7oso marcou presen\u00e7a no Festival Queijo, Caf\u00e9 e Cacha\u00e7a, em S\u00e3o Louren\u00e7o."},"content":{"rendered":"<div dir=\"auto\" style=\"text-align: justify;\">O artesanato de Dom Vi\u00e7oso marcou presen\u00e7a no Festival Queijo, Caf\u00e9 e Cacha\u00e7a, em S\u00e3o Louren\u00e7o.<\/div>\n<div dir=\"auto\" style=\"text-align: justify;\">As artes\u00e3s Tiana e Roseli, com apoio do Thiago e revezamento com outras artes\u00e3s, estavam a mil por hora atendendo o p\u00fablico, vendendo muito (claro!) e levando um pouco da hist\u00f3ria de nossa querida cidade nesse importante evento.<\/div>\n<div dir=\"auto\" style=\"text-align: justify;\">Parab\u00e9ns \u00e0 Associa\u00e7\u00e3o Arte das Colinas pelo r\u00e1pido desenvolvimento. \u00c9 a for\u00e7a e criatividade das mulheres pelo desenvolvimento de Dom Vi\u00e7oso!<\/div>\n<div dir=\"auto\" style=\"text-align: justify;\">Se voc\u00ea quiser conhecer as belezas de nossos artesanatos, visite o evento que se encerra nesse domingo. Corra l\u00e1!<\/div>\n","protected":false},"excerpt":{"rendered":"<p>O artesanato de Dom Vi\u00e7oso marcou presen\u00e7a no Festival Queijo, [&hellip;]<\/p>\n","protected":false},"author":1,"featured_media":3411,"comment_status":"open","ping_status":"open","sticky":false,"template":"","format":"standard","meta":{"footnotes":""},"categories":[29],"tags":[],"class_list":["post-3409","post","type-post","status-publish","format-standard","has-post-thumbnail","hentry","category-noticias"],"_links":{"self":[{"href":"https:\/\/domvicoso.mg.gov.br\/v1\/wp-json\/wp\/v2\/posts\/3409","targetHints":{"allow":["GET"]}}],"collection":[{"href":"https:\/\/domvicoso.mg.gov.br\/v1\/wp-json\/wp\/v2\/posts"}],"about":[{"href":"https:\/\/domvicoso.mg.gov.br\/v1\/wp-json\/wp\/v2\/types\/post"}],"author":[{"embeddable":true,"href":"https:\/\/domvicoso.mg.gov.br\/v1\/wp-json\/wp\/v2\/users\/1"}],"replies":[{"embeddable":true,"href":"https:\/\/domvicoso.mg.gov.br\/v1\/wp-json\/wp\/v2\/comments?post=3409"}],"version-history":[{"count":1,"href":"https:\/\/domvicoso.mg.gov.br\/v1\/wp-json\/wp\/v2\/posts\/3409\/revisions"}],"predecessor-version":[{"id":3412,"href":"https:\/\/domvicoso.mg.gov.br\/v1\/wp-json\/wp\/v2\/posts\/3409\/revisions\/3412"}],"wp:featuredmedia":[{"embeddable":true,"href":"https:\/\/domvicoso.mg.gov.br\/v1\/wp-json\/wp\/v2\/media\/3411"}],"wp:attachment":[{"href":"https:\/\/domvicoso.mg.gov.br\/v1\/wp-json\/wp\/v2\/media?parent=3409"}],"wp:term":[{"taxonomy":"category","embeddable":true,"href":"https:\/\/domvicoso.mg.gov.br\/v1\/wp-json\/wp\/v2\/categories?post=3409"},{"taxonomy":"post_tag","embeddable":true,"href":"https:\/\/domvicoso.mg.gov.br\/v1\/wp-json\/wp\/v2\/tags?post=3409"}],"curies":[{"name":"wp","href":"https:\/\/api.w.org\/{rel}","templated":true}]}}