{"id":3476,"date":"2022-08-04T13:14:25","date_gmt":"2022-08-04T13:14:25","guid":{"rendered":"https:\/\/domvicoso.mg.gov.br\/v1\/?p=3476"},"modified":"2022-08-04T13:14:25","modified_gmt":"2022-08-04T13:14:25","slug":"projeto-cemig-nas-escolas-de-dom-vicoso-mg","status":"publish","type":"post","link":"https:\/\/domvicoso.mg.gov.br\/v1\/projeto-cemig-nas-escolas-de-dom-vicoso-mg\/","title":{"rendered":"Projeto CEMIG nas escolas de Dom Vi\u00e7oso-MG"},"content":{"rendered":"<p>Projeto CEMIG nas escolas essa semana em Dom Vi\u00e7oso-MG. O projeto que ficar\u00e1 at\u00e9 quinta &#8211; feira na cidade tem o objetivo de \u201c levar a efici\u00eancia energ\u00e9tica, de forma inovadora, a mais de 300 mil alunos da rede p\u00fablica estadual de Minas Gerais, em aproximadamente 100 munic\u00edpios, atrav\u00e9s de unidades m\u00f3veis, circuito tecnol\u00f3gico e palestras educativas a alunos do ensino fundamental (anos finais) e m\u00e9dio, que ensinam como utilizar a energia de modo sustent\u00e1vel.\u201d &#8211; cdm.org.br<\/p>\n","protected":false},"excerpt":{"rendered":"<p>Projeto CEMIG nas escolas essa semana em Dom Vi\u00e7oso-MG. O [&hellip;]<\/p>\n","protected":false},"author":1,"featured_media":3481,"comment_status":"open","ping_status":"open","sticky":false,"template":"","format":"standard","meta":{"footnotes":""},"categories":[29],"tags":[],"class_list":["post-3476","post","type-post","status-publish","format-standard","has-post-thumbnail","hentry","category-noticias"],"_links":{"self":[{"href":"https:\/\/domvicoso.mg.gov.br\/v1\/wp-json\/wp\/v2\/posts\/3476","targetHints":{"allow":["GET"]}}],"collection":[{"href":"https:\/\/domvicoso.mg.gov.br\/v1\/wp-json\/wp\/v2\/posts"}],"about":[{"href":"https:\/\/domvicoso.mg.gov.br\/v1\/wp-json\/wp\/v2\/types\/post"}],"author":[{"embeddable":true,"href":"https:\/\/domvicoso.mg.gov.br\/v1\/wp-json\/wp\/v2\/users\/1"}],"replies":[{"embeddable":true,"href":"https:\/\/domvicoso.mg.gov.br\/v1\/wp-json\/wp\/v2\/comments?post=3476"}],"version-history":[{"count":1,"href":"https:\/\/domvicoso.mg.gov.br\/v1\/wp-json\/wp\/v2\/posts\/3476\/revisions"}],"predecessor-version":[{"id":3482,"href":"https:\/\/domvicoso.mg.gov.br\/v1\/wp-json\/wp\/v2\/posts\/3476\/revisions\/3482"}],"wp:featuredmedia":[{"embeddable":true,"href":"https:\/\/domvicoso.mg.gov.br\/v1\/wp-json\/wp\/v2\/media\/3481"}],"wp:attachment":[{"href":"https:\/\/domvicoso.mg.gov.br\/v1\/wp-json\/wp\/v2\/media?parent=3476"}],"wp:term":[{"taxonomy":"category","embeddable":true,"href":"https:\/\/domvicoso.mg.gov.br\/v1\/wp-json\/wp\/v2\/categories?post=3476"},{"taxonomy":"post_tag","embeddable":true,"href":"https:\/\/domvicoso.mg.gov.br\/v1\/wp-json\/wp\/v2\/tags?post=3476"}],"curies":[{"name":"wp","href":"https:\/\/api.w.org\/{rel}","templated":true}]}}