{"id":3570,"date":"2022-08-12T20:16:24","date_gmt":"2022-08-12T20:16:24","guid":{"rendered":"https:\/\/domvicoso.mg.gov.br\/v1\/?p=3570"},"modified":"2022-08-12T20:16:24","modified_gmt":"2022-08-12T20:16:24","slug":"continuacao-do-1o-torneio-municipal-de-futsal-infantil-de-dom-vicoso","status":"publish","type":"post","link":"https:\/\/domvicoso.mg.gov.br\/v1\/continuacao-do-1o-torneio-municipal-de-futsal-infantil-de-dom-vicoso\/","title":{"rendered":"Continua\u00e7\u00e3o do  1\u00ba TORNEIO MUNICIPAL DE FUTSAL INFANTIL de Dom Vi\u00e7oso"},"content":{"rendered":"<p style=\"text-align: justify;\">&#x26bd;&#xfe0f; E nessa ter\u00e7a-feira, 09 de agosto, acompanhamos na quadra municipal da cidade a partida que deu in\u00edcio ao 1 campeonato de futsal adulto de Dom vi\u00e7oso. O jogo que come\u00e7ou \u00e0s 20:00h teve quatro times participando da rodada do dia. O time MUTANTES levou a melhor pra cima de LOS LOBOS ganhando de 5 x 4, e na segunda partida o Time NA MALDADE saiu na frente ganhando a disputa de 11 x 2 para cima do VERONA.<br \/>\nO campeonato que agora ter\u00e1 partidas as ter\u00e7as e quinta feiras e sua semi final e final aos s\u00e1bados, deve acontecer at\u00e9 o m\u00eas de setembro e promete fortes emo\u00e7\u00f5es ao jogadores e a torcida que vai a loucura nessa disputa.<br \/>\nQue venham os pr\u00f3ximos jogos! &#x26bd;&#xfe0f;<\/p>\n","protected":false},"excerpt":{"rendered":"<p>&#x26bd;&#xfe0f; E nessa ter\u00e7a-feira, 09 de agosto, acompanhamos na quadra [&hellip;]<\/p>\n","protected":false},"author":1,"featured_media":3575,"comment_status":"open","ping_status":"open","sticky":false,"template":"","format":"standard","meta":{"footnotes":""},"categories":[29],"tags":[],"class_list":["post-3570","post","type-post","status-publish","format-standard","has-post-thumbnail","hentry","category-noticias"],"_links":{"self":[{"href":"https:\/\/domvicoso.mg.gov.br\/v1\/wp-json\/wp\/v2\/posts\/3570","targetHints":{"allow":["GET"]}}],"collection":[{"href":"https:\/\/domvicoso.mg.gov.br\/v1\/wp-json\/wp\/v2\/posts"}],"about":[{"href":"https:\/\/domvicoso.mg.gov.br\/v1\/wp-json\/wp\/v2\/types\/post"}],"author":[{"embeddable":true,"href":"https:\/\/domvicoso.mg.gov.br\/v1\/wp-json\/wp\/v2\/users\/1"}],"replies":[{"embeddable":true,"href":"https:\/\/domvicoso.mg.gov.br\/v1\/wp-json\/wp\/v2\/comments?post=3570"}],"version-history":[{"count":1,"href":"https:\/\/domvicoso.mg.gov.br\/v1\/wp-json\/wp\/v2\/posts\/3570\/revisions"}],"predecessor-version":[{"id":3576,"href":"https:\/\/domvicoso.mg.gov.br\/v1\/wp-json\/wp\/v2\/posts\/3570\/revisions\/3576"}],"wp:featuredmedia":[{"embeddable":true,"href":"https:\/\/domvicoso.mg.gov.br\/v1\/wp-json\/wp\/v2\/media\/3575"}],"wp:attachment":[{"href":"https:\/\/domvicoso.mg.gov.br\/v1\/wp-json\/wp\/v2\/media?parent=3570"}],"wp:term":[{"taxonomy":"category","embeddable":true,"href":"https:\/\/domvicoso.mg.gov.br\/v1\/wp-json\/wp\/v2\/categories?post=3570"},{"taxonomy":"post_tag","embeddable":true,"href":"https:\/\/domvicoso.mg.gov.br\/v1\/wp-json\/wp\/v2\/tags?post=3570"}],"curies":[{"name":"wp","href":"https:\/\/api.w.org\/{rel}","templated":true}]}}