{"id":3667,"date":"2022-08-24T23:01:34","date_gmt":"2022-08-24T23:01:34","guid":{"rendered":"https:\/\/domvicoso.mg.gov.br\/v1\/?p=3667"},"modified":"2022-08-24T23:23:51","modified_gmt":"2022-08-24T23:23:51","slug":"prefeito-nei-foi-convidado-a-participar-da-mesa-no-webnario-sobre-credenciamento-do-agente-transformador-da-ciencia","status":"publish","type":"post","link":"https:\/\/domvicoso.mg.gov.br\/v1\/prefeito-nei-foi-convidado-a-participar-da-mesa-no-webnario-sobre-credenciamento-do-agente-transformador-da-ciencia\/","title":{"rendered":"Prefeito Nei foi convidado a participar da mesa no webn\u00e1rio sobre credenciamento do \u2018Agente Transformador da Ci\u00eancia\u2019"},"content":{"rendered":"<div dir=\"auto\">\n<div class=\"m8h3af8h l7ghb35v kjdc1dyq kmwttqpk gh25dzvf n3t5jt4f\">\n<div dir=\"auto\" style=\"text-align: justify;\">O prefeito Nei foi convidado pelo Ministro de Ci\u00eancia, Tecnologia e Inova\u00e7\u00e3o (MCTI) a partipar da mesa no webn\u00e1rio sobre credenciamento do \u2018Agente Transformador da Ci\u00eancia\u2019. Esse evento visa fazer com que os munic\u00edpios, com apoio do governo federal, tenham condi\u00e7\u00f5es de se desenvolverem tecnologicamente, incentivando as crian\u00e7as e os jovens no mundo da ci\u00eancia.<\/div>\n<\/div>\n<div class=\"l7ghb35v kjdc1dyq kmwttqpk gh25dzvf jikcssrz n3t5jt4f\" style=\"text-align: justify;\">\n<div dir=\"auto\">\u00c9 a Administra\u00e7\u00e3o de Dom Vi\u00e7oso trabalhando pelo desenvolvimento de nossa cidade!<\/div>\n<\/div>\n<div class=\"l7ghb35v kjdc1dyq kmwttqpk gh25dzvf jikcssrz n3t5jt4f\" style=\"text-align: justify;\">\n<div dir=\"auto\">Acompanhe-nos e veja como foi o evento.<\/div>\n<\/div>\n<div class=\"l7ghb35v kjdc1dyq kmwttqpk gh25dzvf jikcssrz n3t5jt4f\">\n<div dir=\"auto\" style=\"text-align: justify;\">V\u00eddeo na \u00edntegra: <a class=\"qi72231t nu7423ey n3hqoq4p r86q59rh b3qcqh3k fq87ekyn bdao358l fsf7x5fv rse6dlih s5oniofx m8h3af8h l7ghb35v kjdc1dyq kmwttqpk srn514ro oxkhqvkx rl78xhln nch0832m cr00lzj9 rn8ck1ys s3jn8y49 icdlwmnq cxfqmxzd ezidihy3\" tabindex=\"0\" role=\"link\" href=\"https:\/\/youtu.be\/E96DRZTTJyU?fbclid=IwAR3RtO42tq7UT3dbJDHi6jzYw82d0reiCG0-B8PXQbHgQXonClkON4EAQno\" target=\"_blank\" rel=\"nofollow noopener\">https:\/\/youtu.be\/E96DRZTTJyU<\/a><\/div>\n<\/div>\n<\/div>\n","protected":false},"excerpt":{"rendered":"<p>O prefeito Nei foi convidado pelo Ministro de Ci\u00eancia, Tecnologia [&hellip;]<\/p>\n","protected":false},"author":1,"featured_media":3672,"comment_status":"open","ping_status":"open","sticky":false,"template":"","format":"standard","meta":{"footnotes":""},"categories":[29],"tags":[],"class_list":["post-3667","post","type-post","status-publish","format-standard","has-post-thumbnail","hentry","category-noticias"],"_links":{"self":[{"href":"https:\/\/domvicoso.mg.gov.br\/v1\/wp-json\/wp\/v2\/posts\/3667","targetHints":{"allow":["GET"]}}],"collection":[{"href":"https:\/\/domvicoso.mg.gov.br\/v1\/wp-json\/wp\/v2\/posts"}],"about":[{"href":"https:\/\/domvicoso.mg.gov.br\/v1\/wp-json\/wp\/v2\/types\/post"}],"author":[{"embeddable":true,"href":"https:\/\/domvicoso.mg.gov.br\/v1\/wp-json\/wp\/v2\/users\/1"}],"replies":[{"embeddable":true,"href":"https:\/\/domvicoso.mg.gov.br\/v1\/wp-json\/wp\/v2\/comments?post=3667"}],"version-history":[{"count":2,"href":"https:\/\/domvicoso.mg.gov.br\/v1\/wp-json\/wp\/v2\/posts\/3667\/revisions"}],"predecessor-version":[{"id":3700,"href":"https:\/\/domvicoso.mg.gov.br\/v1\/wp-json\/wp\/v2\/posts\/3667\/revisions\/3700"}],"wp:featuredmedia":[{"embeddable":true,"href":"https:\/\/domvicoso.mg.gov.br\/v1\/wp-json\/wp\/v2\/media\/3672"}],"wp:attachment":[{"href":"https:\/\/domvicoso.mg.gov.br\/v1\/wp-json\/wp\/v2\/media?parent=3667"}],"wp:term":[{"taxonomy":"category","embeddable":true,"href":"https:\/\/domvicoso.mg.gov.br\/v1\/wp-json\/wp\/v2\/categories?post=3667"},{"taxonomy":"post_tag","embeddable":true,"href":"https:\/\/domvicoso.mg.gov.br\/v1\/wp-json\/wp\/v2\/tags?post=3667"}],"curies":[{"name":"wp","href":"https:\/\/api.w.org\/{rel}","templated":true}]}}