{"id":3742,"date":"2022-09-05T22:40:16","date_gmt":"2022-09-05T22:40:16","guid":{"rendered":"https:\/\/domvicoso.mg.gov.br\/v1\/?p=3742"},"modified":"2022-09-17T15:23:43","modified_gmt":"2022-09-17T15:23:43","slug":"o-prefeito-nei-em-brasilia","status":"publish","type":"post","link":"https:\/\/domvicoso.mg.gov.br\/v1\/o-prefeito-nei-em-brasilia\/","title":{"rendered":"Prefeito Nei em Bras\u00edlia visitando o Minist\u00e9rio da Mulher, da Fam\u00edlia e dos Direitos Humanos"},"content":{"rendered":"<div class=\"m8h3af8h l7ghb35v kjdc1dyq kmwttqpk gh25dzvf n3t5jt4f\">\n<div dir=\"auto\" style=\"text-align: justify;\">O prefeito Nei, cumprindo agenda em Bras\u00edlia, visitou o Minist\u00e9rio da Mulher, da Fam\u00edlia e dos Direitos Humanos, onde apresentou uma a\u00e7\u00e3o desenvolvida em conjunto com a cidad\u00e3 Benedita de Souza, a Ben\u00ea, sobre preven\u00e7\u00e3o \u00e0 viol\u00eancia dom\u00e9stica e tamb\u00e9m solicitou incentivos a programas de capacita\u00e7\u00e3o para mulheres ao mercado de trabalho. Tamb\u00e9m apresentou um pouco de nossa cidade atrav\u00e9s do artesanato produzido pelas mulheres da Associa\u00e7\u00e3o Arte das Colinas.<\/div>\n<\/div>\n<div class=\"l7ghb35v kjdc1dyq kmwttqpk gh25dzvf jikcssrz n3t5jt4f\">\n<div dir=\"auto\" style=\"text-align: justify;\"><a class=\"qi72231t nu7423ey n3hqoq4p r86q59rh b3qcqh3k fq87ekyn bdao358l fsf7x5fv rse6dlih s5oniofx m8h3af8h l7ghb35v kjdc1dyq kmwttqpk srn514ro oxkhqvkx rl78xhln nch0832m cr00lzj9 rn8ck1ys s3jn8y49 icdlwmnq cxfqmxzd d1w2l3lo tes86rjd\" tabindex=\"0\" role=\"link\" href=\"https:\/\/www.facebook.com\/hashtag\/domvicoso?__eep__=6&amp;__cft__[0]=AZXz3EnLw-Vl6CJcuMnaMEORc2dTZb1yNDQYjhuCX_B-rAlKi13kwwSBlY4cR9s1ova7AogaQ0g2Rpcldd49fpiDFMqpjTlPua_EoocZfsndEfMA6Y_F4QSlKxY2wgNnlvTYD_kYLy9RPRLi6KCSAkXJ7H3zU_7hVCZS3lXBTtQDXuXDH1lwCchOvw9Uh1aulc6o0psX8VU6toZ6kAVGW_Jd&amp;__tn__=*NK-R\">#domvicoso<\/a> <a class=\"qi72231t nu7423ey n3hqoq4p r86q59rh b3qcqh3k fq87ekyn bdao358l fsf7x5fv rse6dlih s5oniofx m8h3af8h l7ghb35v kjdc1dyq kmwttqpk srn514ro oxkhqvkx rl78xhln nch0832m cr00lzj9 rn8ck1ys s3jn8y49 icdlwmnq cxfqmxzd d1w2l3lo tes86rjd\" tabindex=\"0\" role=\"link\" href=\"https:\/\/www.facebook.com\/hashtag\/mulher?__eep__=6&amp;__cft__[0]=AZXz3EnLw-Vl6CJcuMnaMEORc2dTZb1yNDQYjhuCX_B-rAlKi13kwwSBlY4cR9s1ova7AogaQ0g2Rpcldd49fpiDFMqpjTlPua_EoocZfsndEfMA6Y_F4QSlKxY2wgNnlvTYD_kYLy9RPRLi6KCSAkXJ7H3zU_7hVCZS3lXBTtQDXuXDH1lwCchOvw9Uh1aulc6o0psX8VU6toZ6kAVGW_Jd&amp;__tn__=*NK-R\">#mulher<\/a> <a class=\"qi72231t nu7423ey n3hqoq4p r86q59rh b3qcqh3k fq87ekyn bdao358l fsf7x5fv rse6dlih s5oniofx m8h3af8h l7ghb35v kjdc1dyq kmwttqpk srn514ro oxkhqvkx rl78xhln nch0832m cr00lzj9 rn8ck1ys s3jn8y49 icdlwmnq cxfqmxzd d1w2l3lo tes86rjd\" tabindex=\"0\" role=\"link\" href=\"https:\/\/www.facebook.com\/hashtag\/mulheresempoderada?__eep__=6&amp;__cft__[0]=AZXz3EnLw-Vl6CJcuMnaMEORc2dTZb1yNDQYjhuCX_B-rAlKi13kwwSBlY4cR9s1ova7AogaQ0g2Rpcldd49fpiDFMqpjTlPua_EoocZfsndEfMA6Y_F4QSlKxY2wgNnlvTYD_kYLy9RPRLi6KCSAkXJ7H3zU_7hVCZS3lXBTtQDXuXDH1lwCchOvw9Uh1aulc6o0psX8VU6toZ6kAVGW_Jd&amp;__tn__=*NK-R\">#mulheresempoderada<\/a> <a class=\"qi72231t nu7423ey n3hqoq4p r86q59rh b3qcqh3k fq87ekyn bdao358l fsf7x5fv rse6dlih s5oniofx m8h3af8h l7ghb35v kjdc1dyq kmwttqpk srn514ro oxkhqvkx rl78xhln nch0832m cr00lzj9 rn8ck1ys s3jn8y49 icdlwmnq cxfqmxzd d1w2l3lo tes86rjd\" tabindex=\"0\" role=\"link\" href=\"https:\/\/www.facebook.com\/hashtag\/mulhermoderna?__eep__=6&amp;__cft__[0]=AZXz3EnLw-Vl6CJcuMnaMEORc2dTZb1yNDQYjhuCX_B-rAlKi13kwwSBlY4cR9s1ova7AogaQ0g2Rpcldd49fpiDFMqpjTlPua_EoocZfsndEfMA6Y_F4QSlKxY2wgNnlvTYD_kYLy9RPRLi6KCSAkXJ7H3zU_7hVCZS3lXBTtQDXuXDH1lwCchOvw9Uh1aulc6o0psX8VU6toZ6kAVGW_Jd&amp;__tn__=*NK-R\">#mulhermoderna<\/a> <a class=\"qi72231t nu7423ey n3hqoq4p r86q59rh b3qcqh3k fq87ekyn bdao358l fsf7x5fv rse6dlih s5oniofx m8h3af8h l7ghb35v kjdc1dyq kmwttqpk srn514ro oxkhqvkx rl78xhln nch0832m cr00lzj9 rn8ck1ys s3jn8y49 icdlwmnq cxfqmxzd d1w2l3lo tes86rjd\" tabindex=\"0\" role=\"link\" href=\"https:\/\/www.facebook.com\/hashtag\/violenciadom%C3%A9stica?__eep__=6&amp;__cft__[0]=AZXz3EnLw-Vl6CJcuMnaMEORc2dTZb1yNDQYjhuCX_B-rAlKi13kwwSBlY4cR9s1ova7AogaQ0g2Rpcldd49fpiDFMqpjTlPua_EoocZfsndEfMA6Y_F4QSlKxY2wgNnlvTYD_kYLy9RPRLi6KCSAkXJ7H3zU_7hVCZS3lXBTtQDXuXDH1lwCchOvw9Uh1aulc6o0psX8VU6toZ6kAVGW_Jd&amp;__tn__=*NK-R\">#ViolenciaDom\u00e9stica<\/a> <a class=\"qi72231t nu7423ey n3hqoq4p r86q59rh b3qcqh3k fq87ekyn bdao358l fsf7x5fv rse6dlih s5oniofx m8h3af8h l7ghb35v kjdc1dyq kmwttqpk srn514ro oxkhqvkx rl78xhln nch0832m cr00lzj9 rn8ck1ys s3jn8y49 icdlwmnq cxfqmxzd d1w2l3lo tes86rjd\" tabindex=\"0\" role=\"link\" href=\"https:\/\/www.facebook.com\/hashtag\/artesanato?__eep__=6&amp;__cft__[0]=AZXz3EnLw-Vl6CJcuMnaMEORc2dTZb1yNDQYjhuCX_B-rAlKi13kwwSBlY4cR9s1ova7AogaQ0g2Rpcldd49fpiDFMqpjTlPua_EoocZfsndEfMA6Y_F4QSlKxY2wgNnlvTYD_kYLy9RPRLi6KCSAkXJ7H3zU_7hVCZS3lXBTtQDXuXDH1lwCchOvw9Uh1aulc6o0psX8VU6toZ6kAVGW_Jd&amp;__tn__=*NK-R\">#artesanato<\/a><\/div>\n<\/div>\n","protected":false},"excerpt":{"rendered":"<p>O prefeito Nei, cumprindo agenda em Bras\u00edlia, visitou o Minist\u00e9rio [&hellip;]<\/p>\n","protected":false},"author":1,"featured_media":3743,"comment_status":"open","ping_status":"open","sticky":false,"template":"","format":"standard","meta":{"footnotes":""},"categories":[29],"tags":[],"class_list":["post-3742","post","type-post","status-publish","format-standard","has-post-thumbnail","hentry","category-noticias"],"_links":{"self":[{"href":"https:\/\/domvicoso.mg.gov.br\/v1\/wp-json\/wp\/v2\/posts\/3742","targetHints":{"allow":["GET"]}}],"collection":[{"href":"https:\/\/domvicoso.mg.gov.br\/v1\/wp-json\/wp\/v2\/posts"}],"about":[{"href":"https:\/\/domvicoso.mg.gov.br\/v1\/wp-json\/wp\/v2\/types\/post"}],"author":[{"embeddable":true,"href":"https:\/\/domvicoso.mg.gov.br\/v1\/wp-json\/wp\/v2\/users\/1"}],"replies":[{"embeddable":true,"href":"https:\/\/domvicoso.mg.gov.br\/v1\/wp-json\/wp\/v2\/comments?post=3742"}],"version-history":[{"count":2,"href":"https:\/\/domvicoso.mg.gov.br\/v1\/wp-json\/wp\/v2\/posts\/3742\/revisions"}],"predecessor-version":[{"id":3799,"href":"https:\/\/domvicoso.mg.gov.br\/v1\/wp-json\/wp\/v2\/posts\/3742\/revisions\/3799"}],"wp:featuredmedia":[{"embeddable":true,"href":"https:\/\/domvicoso.mg.gov.br\/v1\/wp-json\/wp\/v2\/media\/3743"}],"wp:attachment":[{"href":"https:\/\/domvicoso.mg.gov.br\/v1\/wp-json\/wp\/v2\/media?parent=3742"}],"wp:term":[{"taxonomy":"category","embeddable":true,"href":"https:\/\/domvicoso.mg.gov.br\/v1\/wp-json\/wp\/v2\/categories?post=3742"},{"taxonomy":"post_tag","embeddable":true,"href":"https:\/\/domvicoso.mg.gov.br\/v1\/wp-json\/wp\/v2\/tags?post=3742"}],"curies":[{"name":"wp","href":"https:\/\/api.w.org\/{rel}","templated":true}]}}