{"id":3748,"date":"2022-09-05T22:44:39","date_gmt":"2022-09-05T22:44:39","guid":{"rendered":"https:\/\/domvicoso.mg.gov.br\/v1\/?p=3748"},"modified":"2022-09-12T17:27:29","modified_gmt":"2022-09-12T17:27:29","slug":"para-os-interessados-no-espaco-da-praca-de-alimentacao-do-rodeio-em-dom-vicoso","status":"publish","type":"post","link":"https:\/\/domvicoso.mg.gov.br\/v1\/para-os-interessados-no-espaco-da-praca-de-alimentacao-do-rodeio-em-dom-vicoso\/","title":{"rendered":"Para os interessados no espa\u00e7o da pra\u00e7a de alimenta\u00e7\u00e3o do Rodeio em Dom Vi\u00e7oso"},"content":{"rendered":"<p style=\"text-align: justify;\">O espa\u00e7o na pra\u00e7a de alimenta\u00e7\u00e3o ser\u00e1 cedido prioritariamente aos mun\u00edcipes, o prazo para inscri\u00e7\u00e3o ser\u00e1 at\u00e9 dia 09 de setembro e poder\u00e1 ser feito pelo telefone (35) 3375-1100 com a Secret\u00e1ria de Cultura e Turismo Elizangela Maria. Ser\u00e3o cedidas o n\u00famero m\u00e1ximo de 15 barracas 3&#215;3 metros. Ap\u00f3s o per\u00edodo de inscri\u00e7\u00e3o, havendo barracas ainda desocupadas a inscri\u00e7\u00e3o ser\u00e1 aberta para demais interessados fora do munic\u00edpio.<\/p>\n<p>Fonte: <a href=\"https:\/\/www.facebook.com\/setormunicipalculturadomvicoso\">Setor Municipal de Cultura, Turismo e Meio Ambiente de Dom Vi\u00e7oso-MG<\/a><\/p>\n","protected":false},"excerpt":{"rendered":"<p>O espa\u00e7o na pra\u00e7a de alimenta\u00e7\u00e3o ser\u00e1 cedido prioritariamente aos [&hellip;]<\/p>\n","protected":false},"author":1,"featured_media":3751,"comment_status":"open","ping_status":"open","sticky":false,"template":"","format":"standard","meta":{"footnotes":""},"categories":[29],"tags":[],"class_list":["post-3748","post","type-post","status-publish","format-standard","has-post-thumbnail","hentry","category-noticias"],"_links":{"self":[{"href":"https:\/\/domvicoso.mg.gov.br\/v1\/wp-json\/wp\/v2\/posts\/3748","targetHints":{"allow":["GET"]}}],"collection":[{"href":"https:\/\/domvicoso.mg.gov.br\/v1\/wp-json\/wp\/v2\/posts"}],"about":[{"href":"https:\/\/domvicoso.mg.gov.br\/v1\/wp-json\/wp\/v2\/types\/post"}],"author":[{"embeddable":true,"href":"https:\/\/domvicoso.mg.gov.br\/v1\/wp-json\/wp\/v2\/users\/1"}],"replies":[{"embeddable":true,"href":"https:\/\/domvicoso.mg.gov.br\/v1\/wp-json\/wp\/v2\/comments?post=3748"}],"version-history":[{"count":3,"href":"https:\/\/domvicoso.mg.gov.br\/v1\/wp-json\/wp\/v2\/posts\/3748\/revisions"}],"predecessor-version":[{"id":3754,"href":"https:\/\/domvicoso.mg.gov.br\/v1\/wp-json\/wp\/v2\/posts\/3748\/revisions\/3754"}],"wp:featuredmedia":[{"embeddable":true,"href":"https:\/\/domvicoso.mg.gov.br\/v1\/wp-json\/wp\/v2\/media\/3751"}],"wp:attachment":[{"href":"https:\/\/domvicoso.mg.gov.br\/v1\/wp-json\/wp\/v2\/media?parent=3748"}],"wp:term":[{"taxonomy":"category","embeddable":true,"href":"https:\/\/domvicoso.mg.gov.br\/v1\/wp-json\/wp\/v2\/categories?post=3748"},{"taxonomy":"post_tag","embeddable":true,"href":"https:\/\/domvicoso.mg.gov.br\/v1\/wp-json\/wp\/v2\/tags?post=3748"}],"curies":[{"name":"wp","href":"https:\/\/api.w.org\/{rel}","templated":true}]}}