{"id":3764,"date":"2022-09-12T18:08:44","date_gmt":"2022-09-12T18:08:44","guid":{"rendered":"https:\/\/domvicoso.mg.gov.br\/v1\/?p=3764"},"modified":"2022-09-13T19:26:52","modified_gmt":"2022-09-13T19:26:52","slug":"audiencia-publica-sobre-a-construcao-do-museu-do-cafe","status":"publish","type":"post","link":"https:\/\/domvicoso.mg.gov.br\/v1\/audiencia-publica-sobre-a-construcao-do-museu-do-cafe\/","title":{"rendered":"Audi\u00eancia p\u00fablica sobre a constru\u00e7\u00e3o do Museu do Caf\u00e9"},"content":{"rendered":"<p style=\"text-align: justify;\">Aten\u00e7\u00e3o, por motivos particulares do arquiteto Marcelo Ferraz o evento ser\u00e1 cancelado, em breve voltaremos com uma nova data.<\/p>\n<p style=\"text-align: justify;\">Agradecemos a compreens\u00e3o de todos.<\/p>\n","protected":false},"excerpt":{"rendered":"<p>Aten\u00e7\u00e3o, por motivos particulares do arquiteto Marcelo Ferraz o evento [&hellip;]<\/p>\n","protected":false},"author":1,"featured_media":3766,"comment_status":"open","ping_status":"open","sticky":false,"template":"","format":"standard","meta":{"footnotes":""},"categories":[29],"tags":[],"class_list":["post-3764","post","type-post","status-publish","format-standard","has-post-thumbnail","hentry","category-noticias"],"_links":{"self":[{"href":"https:\/\/domvicoso.mg.gov.br\/v1\/wp-json\/wp\/v2\/posts\/3764","targetHints":{"allow":["GET"]}}],"collection":[{"href":"https:\/\/domvicoso.mg.gov.br\/v1\/wp-json\/wp\/v2\/posts"}],"about":[{"href":"https:\/\/domvicoso.mg.gov.br\/v1\/wp-json\/wp\/v2\/types\/post"}],"author":[{"embeddable":true,"href":"https:\/\/domvicoso.mg.gov.br\/v1\/wp-json\/wp\/v2\/users\/1"}],"replies":[{"embeddable":true,"href":"https:\/\/domvicoso.mg.gov.br\/v1\/wp-json\/wp\/v2\/comments?post=3764"}],"version-history":[{"count":2,"href":"https:\/\/domvicoso.mg.gov.br\/v1\/wp-json\/wp\/v2\/posts\/3764\/revisions"}],"predecessor-version":[{"id":3794,"href":"https:\/\/domvicoso.mg.gov.br\/v1\/wp-json\/wp\/v2\/posts\/3764\/revisions\/3794"}],"wp:featuredmedia":[{"embeddable":true,"href":"https:\/\/domvicoso.mg.gov.br\/v1\/wp-json\/wp\/v2\/media\/3766"}],"wp:attachment":[{"href":"https:\/\/domvicoso.mg.gov.br\/v1\/wp-json\/wp\/v2\/media?parent=3764"}],"wp:term":[{"taxonomy":"category","embeddable":true,"href":"https:\/\/domvicoso.mg.gov.br\/v1\/wp-json\/wp\/v2\/categories?post=3764"},{"taxonomy":"post_tag","embeddable":true,"href":"https:\/\/domvicoso.mg.gov.br\/v1\/wp-json\/wp\/v2\/tags?post=3764"}],"curies":[{"name":"wp","href":"https:\/\/api.w.org\/{rel}","templated":true}]}}