{"id":3768,"date":"2022-09-12T18:10:02","date_gmt":"2022-09-12T18:10:02","guid":{"rendered":"https:\/\/domvicoso.mg.gov.br\/v1\/?p=3768"},"modified":"2022-09-12T18:10:02","modified_gmt":"2022-09-12T18:10:02","slug":"cancelado-audiencia-publica-sobre-a-construcao-do-museu-do-cafe","status":"publish","type":"post","link":"https:\/\/domvicoso.mg.gov.br\/v1\/cancelado-audiencia-publica-sobre-a-construcao-do-museu-do-cafe\/","title":{"rendered":"CANCELADO &#8211; Audi\u00eancia p\u00fablica sobre a constru\u00e7\u00e3o do Museu do Caf\u00e9"},"content":{"rendered":"<p>Aten\u00e7\u00e3o, por motivos particulares do arquiteto Marcelo Ferraz o evento ser\u00e1 cancelado, em breve voltaremos com uma nova data.<\/p>\n<p>Agradecemos a compreens\u00e3o de todos.<\/p>\n","protected":false},"excerpt":{"rendered":"<p>Aten\u00e7\u00e3o, por motivos particulares do arquiteto Marcelo Ferraz o evento [&hellip;]<\/p>\n","protected":false},"author":1,"featured_media":3765,"comment_status":"open","ping_status":"open","sticky":false,"template":"","format":"standard","meta":{"footnotes":""},"categories":[29],"tags":[],"class_list":["post-3768","post","type-post","status-publish","format-standard","has-post-thumbnail","hentry","category-noticias"],"_links":{"self":[{"href":"https:\/\/domvicoso.mg.gov.br\/v1\/wp-json\/wp\/v2\/posts\/3768","targetHints":{"allow":["GET"]}}],"collection":[{"href":"https:\/\/domvicoso.mg.gov.br\/v1\/wp-json\/wp\/v2\/posts"}],"about":[{"href":"https:\/\/domvicoso.mg.gov.br\/v1\/wp-json\/wp\/v2\/types\/post"}],"author":[{"embeddable":true,"href":"https:\/\/domvicoso.mg.gov.br\/v1\/wp-json\/wp\/v2\/users\/1"}],"replies":[{"embeddable":true,"href":"https:\/\/domvicoso.mg.gov.br\/v1\/wp-json\/wp\/v2\/comments?post=3768"}],"version-history":[{"count":1,"href":"https:\/\/domvicoso.mg.gov.br\/v1\/wp-json\/wp\/v2\/posts\/3768\/revisions"}],"predecessor-version":[{"id":3769,"href":"https:\/\/domvicoso.mg.gov.br\/v1\/wp-json\/wp\/v2\/posts\/3768\/revisions\/3769"}],"wp:featuredmedia":[{"embeddable":true,"href":"https:\/\/domvicoso.mg.gov.br\/v1\/wp-json\/wp\/v2\/media\/3765"}],"wp:attachment":[{"href":"https:\/\/domvicoso.mg.gov.br\/v1\/wp-json\/wp\/v2\/media?parent=3768"}],"wp:term":[{"taxonomy":"category","embeddable":true,"href":"https:\/\/domvicoso.mg.gov.br\/v1\/wp-json\/wp\/v2\/categories?post=3768"},{"taxonomy":"post_tag","embeddable":true,"href":"https:\/\/domvicoso.mg.gov.br\/v1\/wp-json\/wp\/v2\/tags?post=3768"}],"curies":[{"name":"wp","href":"https:\/\/api.w.org\/{rel}","templated":true}]}}