{"id":3830,"date":"2022-09-21T14:11:33","date_gmt":"2022-09-21T14:11:33","guid":{"rendered":"https:\/\/domvicoso.mg.gov.br\/v1\/?p=3830"},"modified":"2022-10-14T15:24:20","modified_gmt":"2022-10-14T15:24:20","slug":"venha-estudar-conosco","status":"publish","type":"post","link":"https:\/\/domvicoso.mg.gov.br\/v1\/venha-estudar-conosco\/","title":{"rendered":"VENHA ESTUDAR CONOSCO!!!"},"content":{"rendered":"<div class=\"m8h3af8h l7ghb35v kjdc1dyq kmwttqpk gh25dzvf n3t5jt4f\">\n<div dir=\"auto\">Edital para preenchimento das vagas remanescentes do <strong>Curso T\u00e9cnico em Administra\u00e7\u00e3o<\/strong> &#8211; IFSULDEMINAS &#8211; Campus Avan\u00e7ado Carmo de Minas &#8211; Polo Dom Vi\u00e7oso.<\/div>\n<\/div>\n<div class=\"l7ghb35v kjdc1dyq kmwttqpk gh25dzvf jikcssrz n3t5jt4f\">\n<div dir=\"auto\"><span class=\"fxk3tzhb b2rh1bv3 gh55jysx m8h3af8h ewco64xe kjdc1dyq ms56khn7 bq6c9xl4 eohcrkr5 akh3l2rg\"><img class=\"lazyload\" decoding=\"async\" src=\"data:image\/svg+xml,%3Csvg%20xmlns%3D%27http%3A%2F%2Fwww.w3.org%2F2000%2Fsvg%27%20width%3D%2716%27%20height%3D%2716%27%20viewBox%3D%270%200%2016%2016%27%3E%3Crect%20width%3D%2716%27%20height%3D%2716%27%20fill-opacity%3D%220%22%2F%3E%3C%2Fsvg%3E\" data-orig-src=\"https:\/\/static.xx.fbcdn.net\/images\/emoji.php\/v9\/tfc\/1\/16\/1f7e2.png\" alt=\"&#x1f7e2;\" width=\"16\" height=\"16\" \/><\/span> Inscri\u00e7\u00f5es de 21\/09 a 03\/10<\/div>\n<\/div>\n<div class=\"l7ghb35v kjdc1dyq kmwttqpk gh25dzvf jikcssrz n3t5jt4f\">\n<div dir=\"auto\"><strong>Link do edital (leia atentamente)<\/strong><\/div>\n<\/div>\n<div class=\"l7ghb35v kjdc1dyq kmwttqpk gh25dzvf jikcssrz n3t5jt4f\">\n<div dir=\"auto\"><a class=\"qi72231t nu7423ey n3hqoq4p r86q59rh b3qcqh3k fq87ekyn bdao358l fsf7x5fv rse6dlih s5oniofx m8h3af8h l7ghb35v kjdc1dyq kmwttqpk srn514ro oxkhqvkx rl78xhln nch0832m cr00lzj9 rn8ck1ys s3jn8y49 icdlwmnq cxfqmxzd ezidihy3\" tabindex=\"0\" role=\"link\" href=\"https:\/\/www.gov.br\/pt-br\/servicos\/participar-de-processo-seletivo-para-curso-de-educacao-profissional-tecnica-educacao-de-jovens-e-adultos-integrado-e-subsequente-ifsuldeminas\" target=\"_blank\" rel=\"nofollow noopener\">https:\/\/www.gov.br\/&#8230;\/participar-de-processo-seletivo&#8230;<\/a><\/div>\n<\/div>\n<div class=\"l7ghb35v kjdc1dyq kmwttqpk gh25dzvf jikcssrz n3t5jt4f\">\n<div dir=\"auto\"><strong>Link para inscri\u00e7\u00f5es<\/strong><\/div>\n<\/div>\n<div class=\"l7ghb35v kjdc1dyq kmwttqpk gh25dzvf jikcssrz n3t5jt4f\">\n<div dir=\"auto\"><a class=\"qi72231t nu7423ey n3hqoq4p r86q59rh b3qcqh3k fq87ekyn bdao358l fsf7x5fv rse6dlih s5oniofx m8h3af8h l7ghb35v kjdc1dyq kmwttqpk srn514ro oxkhqvkx rl78xhln nch0832m cr00lzj9 rn8ck1ys s3jn8y49 icdlwmnq cxfqmxzd ezidihy3\" tabindex=\"0\" role=\"link\" href=\"https:\/\/www.gov.br\/pt-br\/servicos\/participar-de-processo-seletivo-para-curso-de-educacao-profissional-tecnica-educacao-de-jovens-e-adultos-integrado-e-subsequente-ifsuldeminas\" target=\"_blank\" rel=\"nofollow noopener\">https:\/\/www.gov.br\/&#8230;\/participar-de-processo-seletivo&#8230;<\/a><\/div>\n<\/div>\n","protected":false},"excerpt":{"rendered":"<p>Edital para preenchimento das vagas remanescentes do Curso T\u00e9cnico em [&hellip;]<\/p>\n","protected":false},"author":1,"featured_media":3831,"comment_status":"open","ping_status":"open","sticky":false,"template":"","format":"standard","meta":{"footnotes":""},"categories":[29],"tags":[],"class_list":["post-3830","post","type-post","status-publish","format-standard","has-post-thumbnail","hentry","category-noticias"],"_links":{"self":[{"href":"https:\/\/domvicoso.mg.gov.br\/v1\/wp-json\/wp\/v2\/posts\/3830","targetHints":{"allow":["GET"]}}],"collection":[{"href":"https:\/\/domvicoso.mg.gov.br\/v1\/wp-json\/wp\/v2\/posts"}],"about":[{"href":"https:\/\/domvicoso.mg.gov.br\/v1\/wp-json\/wp\/v2\/types\/post"}],"author":[{"embeddable":true,"href":"https:\/\/domvicoso.mg.gov.br\/v1\/wp-json\/wp\/v2\/users\/1"}],"replies":[{"embeddable":true,"href":"https:\/\/domvicoso.mg.gov.br\/v1\/wp-json\/wp\/v2\/comments?post=3830"}],"version-history":[{"count":1,"href":"https:\/\/domvicoso.mg.gov.br\/v1\/wp-json\/wp\/v2\/posts\/3830\/revisions"}],"predecessor-version":[{"id":3832,"href":"https:\/\/domvicoso.mg.gov.br\/v1\/wp-json\/wp\/v2\/posts\/3830\/revisions\/3832"}],"wp:featuredmedia":[{"embeddable":true,"href":"https:\/\/domvicoso.mg.gov.br\/v1\/wp-json\/wp\/v2\/media\/3831"}],"wp:attachment":[{"href":"https:\/\/domvicoso.mg.gov.br\/v1\/wp-json\/wp\/v2\/media?parent=3830"}],"wp:term":[{"taxonomy":"category","embeddable":true,"href":"https:\/\/domvicoso.mg.gov.br\/v1\/wp-json\/wp\/v2\/categories?post=3830"},{"taxonomy":"post_tag","embeddable":true,"href":"https:\/\/domvicoso.mg.gov.br\/v1\/wp-json\/wp\/v2\/tags?post=3830"}],"curies":[{"name":"wp","href":"https:\/\/api.w.org\/{rel}","templated":true}]}}