{"id":3997,"date":"2022-10-06T14:43:07","date_gmt":"2022-10-06T14:43:07","guid":{"rendered":"https:\/\/domvicoso.mg.gov.br\/v1\/?p=3997"},"modified":"2022-10-14T14:44:47","modified_gmt":"2022-10-14T14:44:47","slug":"hoje-e-dia-do-prefeito","status":"publish","type":"post","link":"https:\/\/domvicoso.mg.gov.br\/v1\/hoje-e-dia-do-prefeito\/","title":{"rendered":"Hoje \u00e9 Dia do Prefeito!"},"content":{"rendered":"<p><span class=\"x3nfvp2 x1j61x8r x1fcty0u xdj266r xhhsvwb xat24cr xgzva0m xxymvpz xlup9mm x1kky2od\"><img class=\"lazyload\" decoding=\"async\" src=\"data:image\/svg+xml,%3Csvg%20xmlns%3D%27http%3A%2F%2Fwww.w3.org%2F2000%2Fsvg%27%20width%3D%2716%27%20height%3D%2716%27%20viewBox%3D%270%200%2016%2016%27%3E%3Crect%20width%3D%2716%27%20height%3D%2716%27%20fill-opacity%3D%220%22%2F%3E%3C%2Fsvg%3E\" data-orig-src=\"https:\/\/static.xx.fbcdn.net\/images\/emoji.php\/v9\/t6b\/1\/16\/1f454.png\" alt=\"&#x1f454;\" width=\"16\" height=\"16\" \/> <\/span>Eleitos a cada 4 anos para chefiar o Executivo local, os prefeitos s\u00e3o respons\u00e1veis por gerir os Munic\u00edpios, zelando pela boa administra\u00e7\u00e3o dos lugares onde vive nossa popula\u00e7\u00e3o. Em reconhecimento \u00e0 grande responsabilidade da tarefa, em 6 de outubro \u00e9 celebrado o Dia do Prefeito.<\/p>\n<p>Fonte: <a href=\"https:\/\/www.facebook.com\/JornalPanorama3\">Facebook Jornal Panorama<\/a><\/p>\n","protected":false},"excerpt":{"rendered":"<p>Eleitos a cada 4 anos para chefiar o Executivo local, [&hellip;]<\/p>\n","protected":false},"author":1,"featured_media":3998,"comment_status":"open","ping_status":"open","sticky":false,"template":"","format":"standard","meta":{"footnotes":""},"categories":[29],"tags":[],"class_list":["post-3997","post","type-post","status-publish","format-standard","has-post-thumbnail","hentry","category-noticias"],"_links":{"self":[{"href":"https:\/\/domvicoso.mg.gov.br\/v1\/wp-json\/wp\/v2\/posts\/3997","targetHints":{"allow":["GET"]}}],"collection":[{"href":"https:\/\/domvicoso.mg.gov.br\/v1\/wp-json\/wp\/v2\/posts"}],"about":[{"href":"https:\/\/domvicoso.mg.gov.br\/v1\/wp-json\/wp\/v2\/types\/post"}],"author":[{"embeddable":true,"href":"https:\/\/domvicoso.mg.gov.br\/v1\/wp-json\/wp\/v2\/users\/1"}],"replies":[{"embeddable":true,"href":"https:\/\/domvicoso.mg.gov.br\/v1\/wp-json\/wp\/v2\/comments?post=3997"}],"version-history":[{"count":1,"href":"https:\/\/domvicoso.mg.gov.br\/v1\/wp-json\/wp\/v2\/posts\/3997\/revisions"}],"predecessor-version":[{"id":3999,"href":"https:\/\/domvicoso.mg.gov.br\/v1\/wp-json\/wp\/v2\/posts\/3997\/revisions\/3999"}],"wp:featuredmedia":[{"embeddable":true,"href":"https:\/\/domvicoso.mg.gov.br\/v1\/wp-json\/wp\/v2\/media\/3998"}],"wp:attachment":[{"href":"https:\/\/domvicoso.mg.gov.br\/v1\/wp-json\/wp\/v2\/media?parent=3997"}],"wp:term":[{"taxonomy":"category","embeddable":true,"href":"https:\/\/domvicoso.mg.gov.br\/v1\/wp-json\/wp\/v2\/categories?post=3997"},{"taxonomy":"post_tag","embeddable":true,"href":"https:\/\/domvicoso.mg.gov.br\/v1\/wp-json\/wp\/v2\/tags?post=3997"}],"curies":[{"name":"wp","href":"https:\/\/api.w.org\/{rel}","templated":true}]}}