{"id":4020,"date":"2022-10-12T15:10:19","date_gmt":"2022-10-12T15:10:19","guid":{"rendered":"https:\/\/domvicoso.mg.gov.br\/v1\/?p=4020"},"modified":"2022-10-14T15:13:06","modified_gmt":"2022-10-14T15:13:06","slug":"continuacao-do-primeiro-concurso-do-cafe-especial-de-dom-vicoso-e-regiao-%e2%98%95%ef%b8%8f","status":"publish","type":"post","link":"https:\/\/domvicoso.mg.gov.br\/v1\/continuacao-do-primeiro-concurso-do-cafe-especial-de-dom-vicoso-e-regiao-%e2%98%95%ef%b8%8f\/","title":{"rendered":"Continua\u00e7\u00e3o do Primeiro Concurso do Caf\u00e9 Especial de Dom Vi\u00e7oso e Regi\u00e3o! &#x2615;&#xfe0f;"},"content":{"rendered":"<p>Fonte: <a href=\"https:\/\/www.facebook.com\/setormunicipalculturadomvicoso\">Facebook Setor Municipal de Cultura, Turismo e Meio Ambiente de Dom Vi\u00e7oso-MG.<\/a><\/p>\n","protected":false},"excerpt":{"rendered":"<p>Fonte: Facebook Setor Municipal de Cultura, Turismo e Meio Ambiente [&hellip;]<\/p>\n","protected":false},"author":1,"featured_media":4019,"comment_status":"open","ping_status":"open","sticky":false,"template":"","format":"standard","meta":{"footnotes":""},"categories":[29],"tags":[],"class_list":["post-4020","post","type-post","status-publish","format-standard","has-post-thumbnail","hentry","category-noticias"],"_links":{"self":[{"href":"https:\/\/domvicoso.mg.gov.br\/v1\/wp-json\/wp\/v2\/posts\/4020","targetHints":{"allow":["GET"]}}],"collection":[{"href":"https:\/\/domvicoso.mg.gov.br\/v1\/wp-json\/wp\/v2\/posts"}],"about":[{"href":"https:\/\/domvicoso.mg.gov.br\/v1\/wp-json\/wp\/v2\/types\/post"}],"author":[{"embeddable":true,"href":"https:\/\/domvicoso.mg.gov.br\/v1\/wp-json\/wp\/v2\/users\/1"}],"replies":[{"embeddable":true,"href":"https:\/\/domvicoso.mg.gov.br\/v1\/wp-json\/wp\/v2\/comments?post=4020"}],"version-history":[{"count":1,"href":"https:\/\/domvicoso.mg.gov.br\/v1\/wp-json\/wp\/v2\/posts\/4020\/revisions"}],"predecessor-version":[{"id":4021,"href":"https:\/\/domvicoso.mg.gov.br\/v1\/wp-json\/wp\/v2\/posts\/4020\/revisions\/4021"}],"wp:featuredmedia":[{"embeddable":true,"href":"https:\/\/domvicoso.mg.gov.br\/v1\/wp-json\/wp\/v2\/media\/4019"}],"wp:attachment":[{"href":"https:\/\/domvicoso.mg.gov.br\/v1\/wp-json\/wp\/v2\/media?parent=4020"}],"wp:term":[{"taxonomy":"category","embeddable":true,"href":"https:\/\/domvicoso.mg.gov.br\/v1\/wp-json\/wp\/v2\/categories?post=4020"},{"taxonomy":"post_tag","embeddable":true,"href":"https:\/\/domvicoso.mg.gov.br\/v1\/wp-json\/wp\/v2\/tags?post=4020"}],"curies":[{"name":"wp","href":"https:\/\/api.w.org\/{rel}","templated":true}]}}