{"id":4120,"date":"2022-10-28T15:20:31","date_gmt":"2022-10-28T15:20:31","guid":{"rendered":"https:\/\/domvicoso.mg.gov.br\/v1\/?p=4120"},"modified":"2022-10-29T15:21:34","modified_gmt":"2022-10-29T15:21:34","slug":"dia-28-de-outubro-dia-do-servidor-publico","status":"publish","type":"post","link":"https:\/\/domvicoso.mg.gov.br\/v1\/dia-28-de-outubro-dia-do-servidor-publico\/","title":{"rendered":"Dia 28 de Outubro &#8211; Dia do Servidor P\u00fablico"},"content":{"rendered":"<p style=\"text-align: justify;\">Dia 28 de Outubro &#8211; Dia do Servidor P\u00fablico<\/p>\n<p>Renovamos neste 28 de outubro nossa gratid\u00e3o, respeito e homenagem a todos que como servidores p\u00fablicos, desempenham com dedica\u00e7\u00e3o suas fun\u00e7\u00f5es junto \u00e0 popula\u00e7\u00e3o.<\/p>\n<p>PARAB\u00c9NS\u00a0PELO SEU DIA!!!<\/p>\n<p>Esta \u00e9 uma homenagem da Administra\u00e7\u00e3o P\u00fablica Municipal de Dom Vi\u00e7oso.<\/p>\n","protected":false},"excerpt":{"rendered":"<p>Dia 28 de Outubro &#8211; Dia do Servidor P\u00fablico Renovamos [&hellip;]<\/p>\n","protected":false},"author":1,"featured_media":4121,"comment_status":"open","ping_status":"open","sticky":false,"template":"","format":"standard","meta":{"footnotes":""},"categories":[29],"tags":[],"class_list":["post-4120","post","type-post","status-publish","format-standard","has-post-thumbnail","hentry","category-noticias"],"_links":{"self":[{"href":"https:\/\/domvicoso.mg.gov.br\/v1\/wp-json\/wp\/v2\/posts\/4120","targetHints":{"allow":["GET"]}}],"collection":[{"href":"https:\/\/domvicoso.mg.gov.br\/v1\/wp-json\/wp\/v2\/posts"}],"about":[{"href":"https:\/\/domvicoso.mg.gov.br\/v1\/wp-json\/wp\/v2\/types\/post"}],"author":[{"embeddable":true,"href":"https:\/\/domvicoso.mg.gov.br\/v1\/wp-json\/wp\/v2\/users\/1"}],"replies":[{"embeddable":true,"href":"https:\/\/domvicoso.mg.gov.br\/v1\/wp-json\/wp\/v2\/comments?post=4120"}],"version-history":[{"count":1,"href":"https:\/\/domvicoso.mg.gov.br\/v1\/wp-json\/wp\/v2\/posts\/4120\/revisions"}],"predecessor-version":[{"id":4122,"href":"https:\/\/domvicoso.mg.gov.br\/v1\/wp-json\/wp\/v2\/posts\/4120\/revisions\/4122"}],"wp:featuredmedia":[{"embeddable":true,"href":"https:\/\/domvicoso.mg.gov.br\/v1\/wp-json\/wp\/v2\/media\/4121"}],"wp:attachment":[{"href":"https:\/\/domvicoso.mg.gov.br\/v1\/wp-json\/wp\/v2\/media?parent=4120"}],"wp:term":[{"taxonomy":"category","embeddable":true,"href":"https:\/\/domvicoso.mg.gov.br\/v1\/wp-json\/wp\/v2\/categories?post=4120"},{"taxonomy":"post_tag","embeddable":true,"href":"https:\/\/domvicoso.mg.gov.br\/v1\/wp-json\/wp\/v2\/tags?post=4120"}],"curies":[{"name":"wp","href":"https:\/\/api.w.org\/{rel}","templated":true}]}}