{"id":4332,"date":"2022-12-05T14:09:57","date_gmt":"2022-12-05T14:09:57","guid":{"rendered":"https:\/\/domvicoso.mg.gov.br\/v1\/?p=4332"},"modified":"2022-12-12T14:21:36","modified_gmt":"2022-12-12T14:21:36","slug":"palestra-sobre-o-novembro-azul-conscientizacao-sobre-o-cancer-de-prostata","status":"publish","type":"post","link":"https:\/\/domvicoso.mg.gov.br\/v1\/palestra-sobre-o-novembro-azul-conscientizacao-sobre-o-cancer-de-prostata\/","title":{"rendered":"Palestra sobre o Novembro Azul &#8211; Conscientiza\u00e7\u00e3o sobre o C\u00e2ncer de Pr\u00f3stata"},"content":{"rendered":"<div class=\"x11i5rnm xat24cr x1mh8g0r x1vvkbs xdj266r x126k92a\">\n<div dir=\"auto\" style=\"text-align: justify;\">Aconteceu no dia 29\/11, uma palestra sobre o Novembro Azul, que \u00e9 o m\u00eas da Conscientiza\u00e7\u00e3o sobre o C\u00e2ncer de Pr\u00f3stata.<\/div>\n<\/div>\n<div class=\"x11i5rnm xat24cr x1mh8g0r x1vvkbs xtlvy1s x126k92a\">\n<div dir=\"auto\" style=\"text-align: justify;\">A palestra contou com a participa\u00e7\u00e3o da equipe do ESF Municipal, que explicou a popula\u00e7\u00e3o a import\u00e2ncia do diagnostico precoce, para um tratamento mais eficaz.<\/div>\n<\/div>\n","protected":false},"excerpt":{"rendered":"<p>Aconteceu no dia 29\/11, uma palestra sobre o Novembro Azul, [&hellip;]<\/p>\n","protected":false},"author":1,"featured_media":4333,"comment_status":"open","ping_status":"open","sticky":false,"template":"","format":"standard","meta":{"footnotes":""},"categories":[29],"tags":[],"class_list":["post-4332","post","type-post","status-publish","format-standard","has-post-thumbnail","hentry","category-noticias"],"_links":{"self":[{"href":"https:\/\/domvicoso.mg.gov.br\/v1\/wp-json\/wp\/v2\/posts\/4332","targetHints":{"allow":["GET"]}}],"collection":[{"href":"https:\/\/domvicoso.mg.gov.br\/v1\/wp-json\/wp\/v2\/posts"}],"about":[{"href":"https:\/\/domvicoso.mg.gov.br\/v1\/wp-json\/wp\/v2\/types\/post"}],"author":[{"embeddable":true,"href":"https:\/\/domvicoso.mg.gov.br\/v1\/wp-json\/wp\/v2\/users\/1"}],"replies":[{"embeddable":true,"href":"https:\/\/domvicoso.mg.gov.br\/v1\/wp-json\/wp\/v2\/comments?post=4332"}],"version-history":[{"count":1,"href":"https:\/\/domvicoso.mg.gov.br\/v1\/wp-json\/wp\/v2\/posts\/4332\/revisions"}],"predecessor-version":[{"id":4334,"href":"https:\/\/domvicoso.mg.gov.br\/v1\/wp-json\/wp\/v2\/posts\/4332\/revisions\/4334"}],"wp:featuredmedia":[{"embeddable":true,"href":"https:\/\/domvicoso.mg.gov.br\/v1\/wp-json\/wp\/v2\/media\/4333"}],"wp:attachment":[{"href":"https:\/\/domvicoso.mg.gov.br\/v1\/wp-json\/wp\/v2\/media?parent=4332"}],"wp:term":[{"taxonomy":"category","embeddable":true,"href":"https:\/\/domvicoso.mg.gov.br\/v1\/wp-json\/wp\/v2\/categories?post=4332"},{"taxonomy":"post_tag","embeddable":true,"href":"https:\/\/domvicoso.mg.gov.br\/v1\/wp-json\/wp\/v2\/tags?post=4332"}],"curies":[{"name":"wp","href":"https:\/\/api.w.org\/{rel}","templated":true}]}}