{"id":4363,"date":"2022-12-14T21:09:34","date_gmt":"2022-12-14T21:09:34","guid":{"rendered":"https:\/\/domvicoso.mg.gov.br\/v1\/?p=4363"},"modified":"2022-12-21T21:11:50","modified_gmt":"2022-12-21T21:11:50","slug":"semana-historica-em-dom-vicoso","status":"publish","type":"post","link":"https:\/\/domvicoso.mg.gov.br\/v1\/semana-historica-em-dom-vicoso\/","title":{"rendered":"Semana hist\u00f3rica em Dom Vi\u00e7oso!"},"content":{"rendered":"<p style=\"text-align: justify;\">Hoje, 14 de dezembro, semana dos 69 anos da nossa amada cidade, tamb\u00e9m comemoramos o anivers\u00e1rio de 100 anos do Sr. Joaquim Mariano.<\/p>\n<p style=\"text-align: justify;\">A Prefeitura de Dom Vi\u00e7oso, em nome da popula\u00e7\u00e3o, parabeniza e sa\u00fada esse jovem centen\u00e1rio. Que venham mais 100!<\/p>\n","protected":false},"excerpt":{"rendered":"<p>Hoje, 14 de dezembro, semana dos 69 anos da nossa [&hellip;]<\/p>\n","protected":false},"author":1,"featured_media":4364,"comment_status":"open","ping_status":"open","sticky":false,"template":"","format":"standard","meta":{"footnotes":""},"categories":[29],"tags":[],"class_list":["post-4363","post","type-post","status-publish","format-standard","has-post-thumbnail","hentry","category-noticias"],"_links":{"self":[{"href":"https:\/\/domvicoso.mg.gov.br\/v1\/wp-json\/wp\/v2\/posts\/4363","targetHints":{"allow":["GET"]}}],"collection":[{"href":"https:\/\/domvicoso.mg.gov.br\/v1\/wp-json\/wp\/v2\/posts"}],"about":[{"href":"https:\/\/domvicoso.mg.gov.br\/v1\/wp-json\/wp\/v2\/types\/post"}],"author":[{"embeddable":true,"href":"https:\/\/domvicoso.mg.gov.br\/v1\/wp-json\/wp\/v2\/users\/1"}],"replies":[{"embeddable":true,"href":"https:\/\/domvicoso.mg.gov.br\/v1\/wp-json\/wp\/v2\/comments?post=4363"}],"version-history":[{"count":1,"href":"https:\/\/domvicoso.mg.gov.br\/v1\/wp-json\/wp\/v2\/posts\/4363\/revisions"}],"predecessor-version":[{"id":4366,"href":"https:\/\/domvicoso.mg.gov.br\/v1\/wp-json\/wp\/v2\/posts\/4363\/revisions\/4366"}],"wp:featuredmedia":[{"embeddable":true,"href":"https:\/\/domvicoso.mg.gov.br\/v1\/wp-json\/wp\/v2\/media\/4364"}],"wp:attachment":[{"href":"https:\/\/domvicoso.mg.gov.br\/v1\/wp-json\/wp\/v2\/media?parent=4363"}],"wp:term":[{"taxonomy":"category","embeddable":true,"href":"https:\/\/domvicoso.mg.gov.br\/v1\/wp-json\/wp\/v2\/categories?post=4363"},{"taxonomy":"post_tag","embeddable":true,"href":"https:\/\/domvicoso.mg.gov.br\/v1\/wp-json\/wp\/v2\/tags?post=4363"}],"curies":[{"name":"wp","href":"https:\/\/api.w.org\/{rel}","templated":true}]}}