{"id":4382,"date":"2022-12-17T21:19:35","date_gmt":"2022-12-17T21:19:35","guid":{"rendered":"https:\/\/domvicoso.mg.gov.br\/v1\/?p=4382"},"modified":"2022-12-21T21:21:07","modified_gmt":"2022-12-21T21:21:07","slug":"semana-de-comemoracoes-em-dom-vicoso","status":"publish","type":"post","link":"https:\/\/domvicoso.mg.gov.br\/v1\/semana-de-comemoracoes-em-dom-vicoso\/","title":{"rendered":"Semana de comemora\u00e7\u00f5es em Dom Vi\u00e7oso!"},"content":{"rendered":"<div class=\"x11i5rnm xat24cr x1mh8g0r x1vvkbs xdj266r x126k92a\">\n<div dir=\"auto\">E na semana em que nosso Munic\u00edpio completa 69 anos a comemora\u00e7\u00e3o n\u00e3o parou por aqui. Essa semana em nossa cidade tivemos a alegria de comemorar outras duas datas muito especiais. O centen\u00e1rio de dois mun\u00edcipes muito queridos.<\/div>\n<div dir=\"auto\">Na quarta-feira ,14 de dezembro, o Sr Joaquim Mariano, hoje residente no bairro da Serrinha soprou as velinhas dos 100 anos e nos recebeu com muita alegria para registrar esse momento. E como tudo que \u00e9 bom vem em dobro, na quinta-feira, 15 de dezembro foi a vez da querida Dona Tereza Camargo Lucas, mais conhecida como Dindinha, celebra o feito de completar 100 primaveras.<\/div>\n<div dir=\"auto\">Segundo dados da Organiza\u00e7\u00e3o das Na\u00e7\u00f5es Unidas (ONU), somente 0,008% da popula\u00e7\u00e3o mundial atingem a marca dos 100 anos.<\/div>\n<div dir=\"auto\">No Brasil a expectativa de vida, segunda dados do (IBGE), \u00e9 de 76 a 78 anos de idade.<\/div>\n<div dir=\"auto\">Maysa Seabra Cendoroglo membro da Sociedade Brasileira de Geriatria e Gerontologia afirma que 70% das chances de se tornar centen\u00e1rio vem dos h\u00e1bitos do dia a dia.<\/div>\n<div dir=\"auto\">A Prefeitura Municipal de Dom Vi\u00e7oso Juntamente com a Secret\u00e1ria de Cultura Turismo e Meio Ambiente sa\u00fadam com muita alegria e carinho nossos aniversariantes, seus familiares e os profissionais de sa\u00fade que assim o acompanham.<\/div>\n<\/div>\n<div class=\"x11i5rnm xat24cr x1mh8g0r x1vvkbs xtlvy1s x126k92a\">\n<div dir=\"auto\">Joaquim Mariano nascido em 14 de dezembro de 1922.<\/div>\n<div dir=\"auto\">Tereza Camargo Lucas nascida em 15 de dezembro de 1922.<\/div>\n<\/div>\n<div class=\"x11i5rnm xat24cr x1mh8g0r x1vvkbs xtlvy1s x126k92a\">\n<div dir=\"auto\">Fotografia:<\/div>\n<div dir=\"auto\">Blenda Marinho<\/div>\n<div dir=\"auto\">Ricardo Melo<\/div>\n<\/div>\n","protected":false},"excerpt":{"rendered":"<p>E na semana em que nosso Munic\u00edpio completa 69 anos [&hellip;]<\/p>\n","protected":false},"author":1,"featured_media":4387,"comment_status":"open","ping_status":"open","sticky":false,"template":"","format":"standard","meta":{"footnotes":""},"categories":[29],"tags":[],"class_list":["post-4382","post","type-post","status-publish","format-standard","has-post-thumbnail","hentry","category-noticias"],"_links":{"self":[{"href":"https:\/\/domvicoso.mg.gov.br\/v1\/wp-json\/wp\/v2\/posts\/4382","targetHints":{"allow":["GET"]}}],"collection":[{"href":"https:\/\/domvicoso.mg.gov.br\/v1\/wp-json\/wp\/v2\/posts"}],"about":[{"href":"https:\/\/domvicoso.mg.gov.br\/v1\/wp-json\/wp\/v2\/types\/post"}],"author":[{"embeddable":true,"href":"https:\/\/domvicoso.mg.gov.br\/v1\/wp-json\/wp\/v2\/users\/1"}],"replies":[{"embeddable":true,"href":"https:\/\/domvicoso.mg.gov.br\/v1\/wp-json\/wp\/v2\/comments?post=4382"}],"version-history":[{"count":1,"href":"https:\/\/domvicoso.mg.gov.br\/v1\/wp-json\/wp\/v2\/posts\/4382\/revisions"}],"predecessor-version":[{"id":4388,"href":"https:\/\/domvicoso.mg.gov.br\/v1\/wp-json\/wp\/v2\/posts\/4382\/revisions\/4388"}],"wp:featuredmedia":[{"embeddable":true,"href":"https:\/\/domvicoso.mg.gov.br\/v1\/wp-json\/wp\/v2\/media\/4387"}],"wp:attachment":[{"href":"https:\/\/domvicoso.mg.gov.br\/v1\/wp-json\/wp\/v2\/media?parent=4382"}],"wp:term":[{"taxonomy":"category","embeddable":true,"href":"https:\/\/domvicoso.mg.gov.br\/v1\/wp-json\/wp\/v2\/categories?post=4382"},{"taxonomy":"post_tag","embeddable":true,"href":"https:\/\/domvicoso.mg.gov.br\/v1\/wp-json\/wp\/v2\/tags?post=4382"}],"curies":[{"name":"wp","href":"https:\/\/api.w.org\/{rel}","templated":true}]}}