{"id":4631,"date":"2023-01-12T13:55:19","date_gmt":"2023-01-12T13:55:19","guid":{"rendered":"https:\/\/domvicoso.mg.gov.br\/v1\/?p=4631"},"modified":"2023-01-14T13:58:58","modified_gmt":"2023-01-14T13:58:58","slug":"1-encontro-do-projeto-psicoeducacao-em-desenvolvimento-infantil","status":"publish","type":"post","link":"https:\/\/domvicoso.mg.gov.br\/v1\/1-encontro-do-projeto-psicoeducacao-em-desenvolvimento-infantil\/","title":{"rendered":"1\u00b0 Encontro do Projeto PsicoEduca\u00e7\u00e3o em Desenvolvimento Infantil"},"content":{"rendered":"<p style=\"text-align: justify;\">Hoje, 11 de Janeiro, aconteceu o primeiro encontro do Projeto PsicoEduca\u00e7\u00e3o em Desenvolvimento Infantil. O Projeto, que \u00e9 aberto a toda a comunidade, foi uma iniciativa da Psic\u00f3loga Juliene Souza que tem como objetivo n\u00e3o s\u00f3 o desenvolvimento das crian\u00e7as de 0 a 12 anos como tamb\u00e9m entender as demandas dos pais com rela\u00e7\u00e3o \u00e0 educa\u00e7\u00e3o e atua\u00e7\u00e3o deles na vida dos pequenos.<br \/>\nOs encontros do projeto que come\u00e7aram a acontecer neste m\u00eas de janeiro, que tamb\u00e9m \u00e9 dedicado ao cuidado com a sa\u00fade mental com a campanha Janeiro Branco, al\u00e9m das palestra abordando temas relevantes na educa\u00e7\u00e3o infantil conta com din\u00e2micas que ajudam os pais a interagir , trocar suas experi\u00eancias com o grupo e assim aprender um pouco mais sobre a import\u00e2ncia e o papel deles na vida das crian\u00e7as.<br \/>\nAs datas e os temas dos pr\u00f3ximos encontros, que devem acontecer na \u00faltima semana de cada m\u00eas, ser\u00e3o divulgadas na p\u00e1gina da Prefeitura Municipal e tamb\u00e9m atrav\u00e9s das agentes de sa\u00fade do PSF- Unidade B\u00e1sica de Sa\u00fade.<\/p>\n","protected":false},"excerpt":{"rendered":"<p>Hoje, 11 de Janeiro, aconteceu o primeiro encontro do Projeto [&hellip;]<\/p>\n","protected":false},"author":1,"featured_media":4632,"comment_status":"open","ping_status":"open","sticky":false,"template":"","format":"standard","meta":{"footnotes":""},"categories":[29],"tags":[],"class_list":["post-4631","post","type-post","status-publish","format-standard","has-post-thumbnail","hentry","category-noticias"],"_links":{"self":[{"href":"https:\/\/domvicoso.mg.gov.br\/v1\/wp-json\/wp\/v2\/posts\/4631","targetHints":{"allow":["GET"]}}],"collection":[{"href":"https:\/\/domvicoso.mg.gov.br\/v1\/wp-json\/wp\/v2\/posts"}],"about":[{"href":"https:\/\/domvicoso.mg.gov.br\/v1\/wp-json\/wp\/v2\/types\/post"}],"author":[{"embeddable":true,"href":"https:\/\/domvicoso.mg.gov.br\/v1\/wp-json\/wp\/v2\/users\/1"}],"replies":[{"embeddable":true,"href":"https:\/\/domvicoso.mg.gov.br\/v1\/wp-json\/wp\/v2\/comments?post=4631"}],"version-history":[{"count":1,"href":"https:\/\/domvicoso.mg.gov.br\/v1\/wp-json\/wp\/v2\/posts\/4631\/revisions"}],"predecessor-version":[{"id":4639,"href":"https:\/\/domvicoso.mg.gov.br\/v1\/wp-json\/wp\/v2\/posts\/4631\/revisions\/4639"}],"wp:featuredmedia":[{"embeddable":true,"href":"https:\/\/domvicoso.mg.gov.br\/v1\/wp-json\/wp\/v2\/media\/4632"}],"wp:attachment":[{"href":"https:\/\/domvicoso.mg.gov.br\/v1\/wp-json\/wp\/v2\/media?parent=4631"}],"wp:term":[{"taxonomy":"category","embeddable":true,"href":"https:\/\/domvicoso.mg.gov.br\/v1\/wp-json\/wp\/v2\/categories?post=4631"},{"taxonomy":"post_tag","embeddable":true,"href":"https:\/\/domvicoso.mg.gov.br\/v1\/wp-json\/wp\/v2\/tags?post=4631"}],"curies":[{"name":"wp","href":"https:\/\/api.w.org\/{rel}","templated":true}]}}