{"id":4727,"date":"2023-01-19T14:40:10","date_gmt":"2023-01-19T14:40:10","guid":{"rendered":"https:\/\/domvicoso.mg.gov.br\/v1\/?p=4727"},"modified":"2023-01-31T14:42:55","modified_gmt":"2023-01-31T14:42:55","slug":"1-curso-de-barista-promovido-pelo-senar-em-parceria-com-a-prefeitura-municipal-e-associacao-dos-produtores-de-cafes-especiais-de-dom-vicoso","status":"publish","type":"post","link":"https:\/\/domvicoso.mg.gov.br\/v1\/1-curso-de-barista-promovido-pelo-senar-em-parceria-com-a-prefeitura-municipal-e-associacao-dos-produtores-de-cafes-especiais-de-dom-vicoso\/","title":{"rendered":"1\u00b0 Curso de Barista promovido pelo SENAR, em parceria com a Prefeitura Municipal e Associa\u00e7\u00e3o dos Produtores de Caf\u00e9s Especiais de Dom Vi\u00e7oso"},"content":{"rendered":"<p style=\"text-align: justify;\">Nos dias 16 e 17 de janeiro, no Centro C\u00edvico Cultural Dr. Ivo de Lima, o 1\u00b0 Curso de Barista promovido pelo SENAR, em parceria com a Prefeitura Municipal e Associa\u00e7\u00e3o dos Produtores de Caf\u00e9s Especiais de Dom VI\u00e7oso. O curso teve como objetivo trazer aos cafeicultores informa\u00e7\u00f5es sobre as oportunidades de mercado no universo dos caf\u00e9s especiais e dos ambientes das cafeterias. E assim, orient\u00e1-los sobre as diferentes m\u00e9todos de preparo de caf\u00e9, quais as condi\u00e7\u00f5es adequadas para se fazer um caf\u00e9 com qualidade e as diferentes formas que esse caf\u00e9 pode ser apresentado para um comprador. Al\u00e9m disso, turismo rural e pequenos neg\u00f3cios tamb\u00e9m foram temas apresentados no curso com o intuito de desenvolverem maneiras que possam valorizar cada vez mais o caf\u00e9 produzido em Dom Vi\u00e7oso.<\/p>\n","protected":false},"excerpt":{"rendered":"<p>Nos dias 16 e 17 de janeiro, no Centro C\u00edvico [&hellip;]<\/p>\n","protected":false},"author":1,"featured_media":4734,"comment_status":"open","ping_status":"open","sticky":false,"template":"","format":"standard","meta":{"footnotes":""},"categories":[29],"tags":[],"class_list":["post-4727","post","type-post","status-publish","format-standard","has-post-thumbnail","hentry","category-noticias"],"_links":{"self":[{"href":"https:\/\/domvicoso.mg.gov.br\/v1\/wp-json\/wp\/v2\/posts\/4727","targetHints":{"allow":["GET"]}}],"collection":[{"href":"https:\/\/domvicoso.mg.gov.br\/v1\/wp-json\/wp\/v2\/posts"}],"about":[{"href":"https:\/\/domvicoso.mg.gov.br\/v1\/wp-json\/wp\/v2\/types\/post"}],"author":[{"embeddable":true,"href":"https:\/\/domvicoso.mg.gov.br\/v1\/wp-json\/wp\/v2\/users\/1"}],"replies":[{"embeddable":true,"href":"https:\/\/domvicoso.mg.gov.br\/v1\/wp-json\/wp\/v2\/comments?post=4727"}],"version-history":[{"count":1,"href":"https:\/\/domvicoso.mg.gov.br\/v1\/wp-json\/wp\/v2\/posts\/4727\/revisions"}],"predecessor-version":[{"id":4735,"href":"https:\/\/domvicoso.mg.gov.br\/v1\/wp-json\/wp\/v2\/posts\/4727\/revisions\/4735"}],"wp:featuredmedia":[{"embeddable":true,"href":"https:\/\/domvicoso.mg.gov.br\/v1\/wp-json\/wp\/v2\/media\/4734"}],"wp:attachment":[{"href":"https:\/\/domvicoso.mg.gov.br\/v1\/wp-json\/wp\/v2\/media?parent=4727"}],"wp:term":[{"taxonomy":"category","embeddable":true,"href":"https:\/\/domvicoso.mg.gov.br\/v1\/wp-json\/wp\/v2\/categories?post=4727"},{"taxonomy":"post_tag","embeddable":true,"href":"https:\/\/domvicoso.mg.gov.br\/v1\/wp-json\/wp\/v2\/tags?post=4727"}],"curies":[{"name":"wp","href":"https:\/\/api.w.org\/{rel}","templated":true}]}}