{"id":4995,"date":"2023-03-01T20:19:57","date_gmt":"2023-03-01T20:19:57","guid":{"rendered":"https:\/\/domvicoso.mg.gov.br\/v1\/?p=4995"},"modified":"2023-03-03T20:22:59","modified_gmt":"2023-03-03T20:22:59","slug":"2-encontro-do-projeto-psicoeducacao-em-desenvolvimento-infantil","status":"publish","type":"post","link":"https:\/\/domvicoso.mg.gov.br\/v1\/2-encontro-do-projeto-psicoeducacao-em-desenvolvimento-infantil\/","title":{"rendered":"2\u00b0 encontro do Projeto Psicoeduca\u00e7\u00e3o em Desenvolvimento Infantil"},"content":{"rendered":"<div dir=\"auto\" style=\"text-align: justify;\">Na \u00faltima sexta-feira, 24 de fevereiro , aconteceu o segundo encontro do Projeto Psicoeduca\u00e7\u00e3o em Desenvolvimento Infantil. O tema do encontro desta vez foi a primeira e a segunda inf\u00e2ncia, que acontece dos 0 aos 3 anos de idade e dos 3 aos 6 anos.<\/div>\n<div dir=\"auto\" style=\"text-align: justify;\">Quais as melhores brincadeira nessas faixa et\u00e1ria, quais os comportamentos mais comuns nessa fase e como lidar com cada um deles foram alguns dos temas abordados pela Psic\u00f3loga Juliene Souza que esta a frente do projeto. Educar esses pequenos \u00e9 um grande desafio para os pais e para quem acompanha seu crescimento, assim o projeto tem como objetivo auxiliar e ajudar os nessa jornada trazendo conhecimento e compreens\u00e3o para eles de acordo com cada est\u00e1gio que seus filhos est\u00e3o passando porque compreens\u00e3o ainda \u00e9 a melhor forma de comunica\u00e7\u00e3o.<\/div>\n","protected":false},"excerpt":{"rendered":"<p>Na \u00faltima sexta-feira, 24 de fevereiro , aconteceu o segundo [&hellip;]<\/p>\n","protected":false},"author":1,"featured_media":5000,"comment_status":"open","ping_status":"open","sticky":false,"template":"","format":"standard","meta":{"footnotes":""},"categories":[29],"tags":[],"class_list":["post-4995","post","type-post","status-publish","format-standard","has-post-thumbnail","hentry","category-noticias"],"_links":{"self":[{"href":"https:\/\/domvicoso.mg.gov.br\/v1\/wp-json\/wp\/v2\/posts\/4995","targetHints":{"allow":["GET"]}}],"collection":[{"href":"https:\/\/domvicoso.mg.gov.br\/v1\/wp-json\/wp\/v2\/posts"}],"about":[{"href":"https:\/\/domvicoso.mg.gov.br\/v1\/wp-json\/wp\/v2\/types\/post"}],"author":[{"embeddable":true,"href":"https:\/\/domvicoso.mg.gov.br\/v1\/wp-json\/wp\/v2\/users\/1"}],"replies":[{"embeddable":true,"href":"https:\/\/domvicoso.mg.gov.br\/v1\/wp-json\/wp\/v2\/comments?post=4995"}],"version-history":[{"count":1,"href":"https:\/\/domvicoso.mg.gov.br\/v1\/wp-json\/wp\/v2\/posts\/4995\/revisions"}],"predecessor-version":[{"id":5001,"href":"https:\/\/domvicoso.mg.gov.br\/v1\/wp-json\/wp\/v2\/posts\/4995\/revisions\/5001"}],"wp:featuredmedia":[{"embeddable":true,"href":"https:\/\/domvicoso.mg.gov.br\/v1\/wp-json\/wp\/v2\/media\/5000"}],"wp:attachment":[{"href":"https:\/\/domvicoso.mg.gov.br\/v1\/wp-json\/wp\/v2\/media?parent=4995"}],"wp:term":[{"taxonomy":"category","embeddable":true,"href":"https:\/\/domvicoso.mg.gov.br\/v1\/wp-json\/wp\/v2\/categories?post=4995"},{"taxonomy":"post_tag","embeddable":true,"href":"https:\/\/domvicoso.mg.gov.br\/v1\/wp-json\/wp\/v2\/tags?post=4995"}],"curies":[{"name":"wp","href":"https:\/\/api.w.org\/{rel}","templated":true}]}}