{"id":5007,"date":"2023-03-02T20:25:22","date_gmt":"2023-03-02T20:25:22","guid":{"rendered":"https:\/\/domvicoso.mg.gov.br\/v1\/?p=5007"},"modified":"2023-03-03T20:28:09","modified_gmt":"2023-03-03T20:28:09","slug":"prefeito-nei-visitou-as-instalacoes-da-universidade-federal-de-vicosa-ufv","status":"publish","type":"post","link":"https:\/\/domvicoso.mg.gov.br\/v1\/prefeito-nei-visitou-as-instalacoes-da-universidade-federal-de-vicosa-ufv\/","title":{"rendered":"Prefeito Nei visitou as instala\u00e7\u00f5es da Universidade Federal de Vi\u00e7osa (UFV)"},"content":{"rendered":"<div dir=\"auto\" style=\"text-align: justify;\">Em 27\/02, o Prefeito Nei visitou as instala\u00e7\u00f5es da Universidade Federal de Vi\u00e7osa (UFV) e conheceu o projeto de transforma\u00e7\u00e3o da biomassa do res\u00edduos de bambu em gera\u00e7\u00e3o de energia. E, a convite da SIF (Sociedade de Investiga\u00e7\u00e3o Florestal), tamb\u00e9m conheceu as variedades de bambu que possam solucionar a falta de mat\u00e9ria-prima, atrav\u00e9s de um viveiro de mudas no munic\u00edpio, para a produ\u00e7\u00e3o de palitos da cidade.<\/div>\n<div dir=\"auto\" style=\"text-align: justify;\">A Administra\u00e7\u00e3o Municipal entende a import\u00e2ncia que a renda dessa produ\u00e7\u00e3o gera para muitas fam\u00edlias de Dom Vi\u00e7oso e est\u00e1 empenhada na busca por solu\u00e7\u00f5es e melhorias a todos.<\/div>\n","protected":false},"excerpt":{"rendered":"<p>Em 27\/02, o Prefeito Nei visitou as instala\u00e7\u00f5es da Universidade [&hellip;]<\/p>\n","protected":false},"author":1,"featured_media":5013,"comment_status":"open","ping_status":"open","sticky":false,"template":"","format":"standard","meta":{"footnotes":""},"categories":[29],"tags":[],"class_list":["post-5007","post","type-post","status-publish","format-standard","has-post-thumbnail","hentry","category-noticias"],"_links":{"self":[{"href":"https:\/\/domvicoso.mg.gov.br\/v1\/wp-json\/wp\/v2\/posts\/5007","targetHints":{"allow":["GET"]}}],"collection":[{"href":"https:\/\/domvicoso.mg.gov.br\/v1\/wp-json\/wp\/v2\/posts"}],"about":[{"href":"https:\/\/domvicoso.mg.gov.br\/v1\/wp-json\/wp\/v2\/types\/post"}],"author":[{"embeddable":true,"href":"https:\/\/domvicoso.mg.gov.br\/v1\/wp-json\/wp\/v2\/users\/1"}],"replies":[{"embeddable":true,"href":"https:\/\/domvicoso.mg.gov.br\/v1\/wp-json\/wp\/v2\/comments?post=5007"}],"version-history":[{"count":1,"href":"https:\/\/domvicoso.mg.gov.br\/v1\/wp-json\/wp\/v2\/posts\/5007\/revisions"}],"predecessor-version":[{"id":5014,"href":"https:\/\/domvicoso.mg.gov.br\/v1\/wp-json\/wp\/v2\/posts\/5007\/revisions\/5014"}],"wp:featuredmedia":[{"embeddable":true,"href":"https:\/\/domvicoso.mg.gov.br\/v1\/wp-json\/wp\/v2\/media\/5013"}],"wp:attachment":[{"href":"https:\/\/domvicoso.mg.gov.br\/v1\/wp-json\/wp\/v2\/media?parent=5007"}],"wp:term":[{"taxonomy":"category","embeddable":true,"href":"https:\/\/domvicoso.mg.gov.br\/v1\/wp-json\/wp\/v2\/categories?post=5007"},{"taxonomy":"post_tag","embeddable":true,"href":"https:\/\/domvicoso.mg.gov.br\/v1\/wp-json\/wp\/v2\/tags?post=5007"}],"curies":[{"name":"wp","href":"https:\/\/api.w.org\/{rel}","templated":true}]}}