{"id":5015,"date":"2023-03-02T20:28:32","date_gmt":"2023-03-02T20:28:32","guid":{"rendered":"https:\/\/domvicoso.mg.gov.br\/v1\/?p=5015"},"modified":"2023-03-03T20:33:54","modified_gmt":"2023-03-03T20:33:54","slug":"prefeito-nei-foi-convidado-pela-sede-para-conhecer-o-programa-minas-livre-para-crescer","status":"publish","type":"post","link":"https:\/\/domvicoso.mg.gov.br\/v1\/prefeito-nei-foi-convidado-pela-sede-para-conhecer-o-programa-minas-livre-para-crescer\/","title":{"rendered":"Prefeito Nei foi convidado pela SEDE para conhecer o \u2018Programa Minas Livre para Crescer\u2019"},"content":{"rendered":"<p style=\"text-align: justify;\">O Prefeito Nei foi convidado pela SEDE (Secretaria de Desenvolvimento do Estado) e foi recebido pela equipe da InvestMinas para conhecer o \u2018Programa Minas Livre para Crescer\u2019. Esse projeto \u00e9 uma iniciativa do Governo do Estado com o objetivo da implanta\u00e7\u00e3o de mecanismos que facilitem a vida dos empreendedores e que ajudem Dom Vi\u00e7oso na atra\u00e7\u00e3o de investimentos que contribuam com nosso desenvolvimento econ\u00f4mico.<\/p>\n","protected":false},"excerpt":{"rendered":"<p>O Prefeito Nei foi convidado pela SEDE (Secretaria de Desenvolvimento [&hellip;]<\/p>\n","protected":false},"author":1,"featured_media":5016,"comment_status":"open","ping_status":"open","sticky":false,"template":"","format":"standard","meta":{"footnotes":""},"categories":[29],"tags":[],"class_list":["post-5015","post","type-post","status-publish","format-standard","has-post-thumbnail","hentry","category-noticias"],"_links":{"self":[{"href":"https:\/\/domvicoso.mg.gov.br\/v1\/wp-json\/wp\/v2\/posts\/5015","targetHints":{"allow":["GET"]}}],"collection":[{"href":"https:\/\/domvicoso.mg.gov.br\/v1\/wp-json\/wp\/v2\/posts"}],"about":[{"href":"https:\/\/domvicoso.mg.gov.br\/v1\/wp-json\/wp\/v2\/types\/post"}],"author":[{"embeddable":true,"href":"https:\/\/domvicoso.mg.gov.br\/v1\/wp-json\/wp\/v2\/users\/1"}],"replies":[{"embeddable":true,"href":"https:\/\/domvicoso.mg.gov.br\/v1\/wp-json\/wp\/v2\/comments?post=5015"}],"version-history":[{"count":1,"href":"https:\/\/domvicoso.mg.gov.br\/v1\/wp-json\/wp\/v2\/posts\/5015\/revisions"}],"predecessor-version":[{"id":5017,"href":"https:\/\/domvicoso.mg.gov.br\/v1\/wp-json\/wp\/v2\/posts\/5015\/revisions\/5017"}],"wp:featuredmedia":[{"embeddable":true,"href":"https:\/\/domvicoso.mg.gov.br\/v1\/wp-json\/wp\/v2\/media\/5016"}],"wp:attachment":[{"href":"https:\/\/domvicoso.mg.gov.br\/v1\/wp-json\/wp\/v2\/media?parent=5015"}],"wp:term":[{"taxonomy":"category","embeddable":true,"href":"https:\/\/domvicoso.mg.gov.br\/v1\/wp-json\/wp\/v2\/categories?post=5015"},{"taxonomy":"post_tag","embeddable":true,"href":"https:\/\/domvicoso.mg.gov.br\/v1\/wp-json\/wp\/v2\/tags?post=5015"}],"curies":[{"name":"wp","href":"https:\/\/api.w.org\/{rel}","templated":true}]}}