{"id":5124,"date":"2023-03-15T14:48:00","date_gmt":"2023-03-15T14:48:00","guid":{"rendered":"https:\/\/domvicoso.mg.gov.br\/v1\/?p=5124"},"modified":"2023-03-16T14:51:02","modified_gmt":"2023-03-16T14:51:02","slug":"1-seminario-cafe-com-batom-de-dom-vicoso-%f0%9f%8c%b8","status":"publish","type":"post","link":"https:\/\/domvicoso.mg.gov.br\/v1\/1-seminario-cafe-com-batom-de-dom-vicoso-%f0%9f%8c%b8\/","title":{"rendered":"1\u00b0 Semin\u00e1rio Caf\u00e9 com Batom de Dom Vi\u00e7oso &#x1f338;"},"content":{"rendered":"<p style=\"text-align: justify;\"><span class=\"x3nfvp2 x1j61x8r x1fcty0u xdj266r xhhsvwb xat24cr xgzva0m xxymvpz xlup9mm x1kky2od\"><img class=\"lazyload\" decoding=\"async\" src=\"data:image\/svg+xml,%3Csvg%20xmlns%3D%27http%3A%2F%2Fwww.w3.org%2F2000%2Fsvg%27%20width%3D%2716%27%20height%3D%2716%27%20viewBox%3D%270%200%2016%2016%27%3E%3Crect%20width%3D%2716%27%20height%3D%2716%27%20fill-opacity%3D%220%22%2F%3E%3C%2Fsvg%3E\" data-orig-src=\"https:\/\/static.xx.fbcdn.net\/images\/emoji.php\/v9\/tf0\/1\/16\/1f338.png\" alt=\"&#x1f338;\" width=\"16\" height=\"16\" \/><\/span> Em comemora\u00e7\u00e3o ao Dia Internacional da Mulher, em Dom Vi\u00e7oso -MG aconteceu no dia 09 de mar\u00e7o o 1\u00b0 Semin\u00e1rio Caf\u00e9 com Batom da cidade. O evento contou com o Momento Beleza que disponibilizou aos participantes unha, cabelo e maquiagem gratuitos. Al\u00e9m disso, palestra com a 2 Sargento Lucimara e 3 Sargento Lucimeire falando sobre viol\u00eancia dom\u00e9stica e uma conversa sobre Empoderamento Feminino com a palestrante Priscila Moraes fizeram parte do evento. A festa, que reuniu mulheres de todas as idades , foi um sucesso e foi finalizado com um caf\u00e9 super especial para elas. <span class=\"x3nfvp2 x1j61x8r x1fcty0u xdj266r xhhsvwb xat24cr xgzva0m xxymvpz xlup9mm x1kky2od\"><img class=\"lazyload\" decoding=\"async\" src=\"data:image\/svg+xml,%3Csvg%20xmlns%3D%27http%3A%2F%2Fwww.w3.org%2F2000%2Fsvg%27%20width%3D%2716%27%20height%3D%2716%27%20viewBox%3D%270%200%2016%2016%27%3E%3Crect%20width%3D%2716%27%20height%3D%2716%27%20fill-opacity%3D%220%22%2F%3E%3C%2Fsvg%3E\" data-orig-src=\"https:\/\/static.xx.fbcdn.net\/images\/emoji.php\/v9\/tf0\/1\/16\/1f338.png\" alt=\"&#x1f338;\" width=\"16\" height=\"16\" \/><\/span><\/p>\n<p>Fonte: <a href=\"https:\/\/www.facebook.com\/setormunicipalculturadomvicoso\">Facebook Setor Municipal de Cultura, Turismo e Meio Ambiente de Dom Vi\u00e7oso-MG<\/a><\/p>\n<p>&nbsp;<\/p>\n","protected":false},"excerpt":{"rendered":"<p>Em comemora\u00e7\u00e3o ao Dia Internacional da Mulher, em Dom Vi\u00e7oso [&hellip;]<\/p>\n","protected":false},"author":1,"featured_media":5128,"comment_status":"open","ping_status":"open","sticky":false,"template":"","format":"standard","meta":{"footnotes":""},"categories":[29],"tags":[],"class_list":["post-5124","post","type-post","status-publish","format-standard","has-post-thumbnail","hentry","category-noticias"],"_links":{"self":[{"href":"https:\/\/domvicoso.mg.gov.br\/v1\/wp-json\/wp\/v2\/posts\/5124","targetHints":{"allow":["GET"]}}],"collection":[{"href":"https:\/\/domvicoso.mg.gov.br\/v1\/wp-json\/wp\/v2\/posts"}],"about":[{"href":"https:\/\/domvicoso.mg.gov.br\/v1\/wp-json\/wp\/v2\/types\/post"}],"author":[{"embeddable":true,"href":"https:\/\/domvicoso.mg.gov.br\/v1\/wp-json\/wp\/v2\/users\/1"}],"replies":[{"embeddable":true,"href":"https:\/\/domvicoso.mg.gov.br\/v1\/wp-json\/wp\/v2\/comments?post=5124"}],"version-history":[{"count":1,"href":"https:\/\/domvicoso.mg.gov.br\/v1\/wp-json\/wp\/v2\/posts\/5124\/revisions"}],"predecessor-version":[{"id":5130,"href":"https:\/\/domvicoso.mg.gov.br\/v1\/wp-json\/wp\/v2\/posts\/5124\/revisions\/5130"}],"wp:featuredmedia":[{"embeddable":true,"href":"https:\/\/domvicoso.mg.gov.br\/v1\/wp-json\/wp\/v2\/media\/5128"}],"wp:attachment":[{"href":"https:\/\/domvicoso.mg.gov.br\/v1\/wp-json\/wp\/v2\/media?parent=5124"}],"wp:term":[{"taxonomy":"category","embeddable":true,"href":"https:\/\/domvicoso.mg.gov.br\/v1\/wp-json\/wp\/v2\/categories?post=5124"},{"taxonomy":"post_tag","embeddable":true,"href":"https:\/\/domvicoso.mg.gov.br\/v1\/wp-json\/wp\/v2\/tags?post=5124"}],"curies":[{"name":"wp","href":"https:\/\/api.w.org\/{rel}","templated":true}]}}