{"id":5199,"date":"2023-03-25T18:00:51","date_gmt":"2023-03-25T18:00:51","guid":{"rendered":"https:\/\/domvicoso.mg.gov.br\/v1\/?p=5199"},"modified":"2023-03-28T18:04:07","modified_gmt":"2023-03-28T18:04:07","slug":"tenda-da-saude-em-dom-vicoso","status":"publish","type":"post","link":"https:\/\/domvicoso.mg.gov.br\/v1\/tenda-da-saude-em-dom-vicoso\/","title":{"rendered":"Tenda da Sa\u00fade em Dom Vi\u00e7oso"},"content":{"rendered":"<p>Munic\u00edpio: Dom Vi\u00e7oso, GRS: Varginha<\/p>\n<p>Tema: Tenda da Sa\u00fade, c\u00e2ncer do colorretal e c\u00e2ncer do colo uterino.<br \/>\nRealizado no bairro Serrinha no munic\u00edpio de Dom Vi\u00e7oso no dia 24\/03\/2023.<br \/>\nNesse encontro realizou-se: palestra educativa, vacina\u00e7\u00e3o aferi\u00e7\u00e3o de press\u00e3o arterial e teste glic\u00eamico, medidas antropom\u00e9tricas \u00e9 um caf\u00e9 com prosa .&#x1fa7a;<\/p>\n","protected":false},"excerpt":{"rendered":"<p>Munic\u00edpio: Dom Vi\u00e7oso, GRS: Varginha Tema: Tenda da Sa\u00fade, c\u00e2ncer [&hellip;]<\/p>\n","protected":false},"author":1,"featured_media":5204,"comment_status":"open","ping_status":"open","sticky":false,"template":"","format":"standard","meta":{"footnotes":""},"categories":[29],"tags":[],"class_list":["post-5199","post","type-post","status-publish","format-standard","has-post-thumbnail","hentry","category-noticias"],"_links":{"self":[{"href":"https:\/\/domvicoso.mg.gov.br\/v1\/wp-json\/wp\/v2\/posts\/5199","targetHints":{"allow":["GET"]}}],"collection":[{"href":"https:\/\/domvicoso.mg.gov.br\/v1\/wp-json\/wp\/v2\/posts"}],"about":[{"href":"https:\/\/domvicoso.mg.gov.br\/v1\/wp-json\/wp\/v2\/types\/post"}],"author":[{"embeddable":true,"href":"https:\/\/domvicoso.mg.gov.br\/v1\/wp-json\/wp\/v2\/users\/1"}],"replies":[{"embeddable":true,"href":"https:\/\/domvicoso.mg.gov.br\/v1\/wp-json\/wp\/v2\/comments?post=5199"}],"version-history":[{"count":1,"href":"https:\/\/domvicoso.mg.gov.br\/v1\/wp-json\/wp\/v2\/posts\/5199\/revisions"}],"predecessor-version":[{"id":5206,"href":"https:\/\/domvicoso.mg.gov.br\/v1\/wp-json\/wp\/v2\/posts\/5199\/revisions\/5206"}],"wp:featuredmedia":[{"embeddable":true,"href":"https:\/\/domvicoso.mg.gov.br\/v1\/wp-json\/wp\/v2\/media\/5204"}],"wp:attachment":[{"href":"https:\/\/domvicoso.mg.gov.br\/v1\/wp-json\/wp\/v2\/media?parent=5199"}],"wp:term":[{"taxonomy":"category","embeddable":true,"href":"https:\/\/domvicoso.mg.gov.br\/v1\/wp-json\/wp\/v2\/categories?post=5199"},{"taxonomy":"post_tag","embeddable":true,"href":"https:\/\/domvicoso.mg.gov.br\/v1\/wp-json\/wp\/v2\/tags?post=5199"}],"curies":[{"name":"wp","href":"https:\/\/api.w.org\/{rel}","templated":true}]}}