{"id":5246,"date":"2023-03-29T14:42:57","date_gmt":"2023-03-29T14:42:57","guid":{"rendered":"https:\/\/domvicoso.mg.gov.br\/v1\/?p=5246"},"modified":"2023-03-31T14:48:59","modified_gmt":"2023-03-31T14:48:59","slug":"prefeito-nei-visita-mapa-ministerio-da-agricultura-pecuaria-e-abastecimento-e-mda-ministerio-do-desenvolvimento-agrario","status":"publish","type":"post","link":"https:\/\/domvicoso.mg.gov.br\/v1\/prefeito-nei-visita-mapa-ministerio-da-agricultura-pecuaria-e-abastecimento-e-mda-ministerio-do-desenvolvimento-agrario\/","title":{"rendered":"Prefeito Nei visita o MAPA (Minist\u00e9rio da Agricultura, Pecu\u00e1ria e Abastecimento) e o MDA (Minist\u00e9rio do Desenvolvimento Agr\u00e1rio)"},"content":{"rendered":"<p>Em visita ao MAPA (Minist\u00e9rio da Agricultura, Pecu\u00e1ria e Abastecimento) e MDA (Minist\u00e9rio do Desenvolvimento Agr\u00e1rio), o prefeito Nei apresentou os projetos que comp\u00f5em o desenvolvimento econ\u00f4mico local de Dom Vi\u00e7oso e solicitou suporte e recursos para o fortalecimento de nossa agricultura familiar. Essas reuni\u00f5es foram extremamente produtivas, onde nos apresentaram solu\u00e7\u00f5es que contribuam com o crescimento econ\u00f4mico de nossa cidade.<\/p>\n","protected":false},"excerpt":{"rendered":"<p>Em visita ao MAPA (Minist\u00e9rio da Agricultura, Pecu\u00e1ria e Abastecimento) [&hellip;]<\/p>\n","protected":false},"author":1,"featured_media":5248,"comment_status":"open","ping_status":"open","sticky":false,"template":"","format":"standard","meta":{"footnotes":""},"categories":[29],"tags":[],"class_list":["post-5246","post","type-post","status-publish","format-standard","has-post-thumbnail","hentry","category-noticias"],"_links":{"self":[{"href":"https:\/\/domvicoso.mg.gov.br\/v1\/wp-json\/wp\/v2\/posts\/5246","targetHints":{"allow":["GET"]}}],"collection":[{"href":"https:\/\/domvicoso.mg.gov.br\/v1\/wp-json\/wp\/v2\/posts"}],"about":[{"href":"https:\/\/domvicoso.mg.gov.br\/v1\/wp-json\/wp\/v2\/types\/post"}],"author":[{"embeddable":true,"href":"https:\/\/domvicoso.mg.gov.br\/v1\/wp-json\/wp\/v2\/users\/1"}],"replies":[{"embeddable":true,"href":"https:\/\/domvicoso.mg.gov.br\/v1\/wp-json\/wp\/v2\/comments?post=5246"}],"version-history":[{"count":2,"href":"https:\/\/domvicoso.mg.gov.br\/v1\/wp-json\/wp\/v2\/posts\/5246\/revisions"}],"predecessor-version":[{"id":5256,"href":"https:\/\/domvicoso.mg.gov.br\/v1\/wp-json\/wp\/v2\/posts\/5246\/revisions\/5256"}],"wp:featuredmedia":[{"embeddable":true,"href":"https:\/\/domvicoso.mg.gov.br\/v1\/wp-json\/wp\/v2\/media\/5248"}],"wp:attachment":[{"href":"https:\/\/domvicoso.mg.gov.br\/v1\/wp-json\/wp\/v2\/media?parent=5246"}],"wp:term":[{"taxonomy":"category","embeddable":true,"href":"https:\/\/domvicoso.mg.gov.br\/v1\/wp-json\/wp\/v2\/categories?post=5246"},{"taxonomy":"post_tag","embeddable":true,"href":"https:\/\/domvicoso.mg.gov.br\/v1\/wp-json\/wp\/v2\/tags?post=5246"}],"curies":[{"name":"wp","href":"https:\/\/api.w.org\/{rel}","templated":true}]}}