{"id":5320,"date":"2023-04-08T22:20:44","date_gmt":"2023-04-08T22:20:44","guid":{"rendered":"https:\/\/domvicoso.mg.gov.br\/v1\/?p=5320"},"modified":"2023-05-16T19:08:02","modified_gmt":"2023-05-16T19:08:02","slug":"semana-santa-e-uma-tradicao-religiosa-crista-que-celebra-a-paixao-a-morte-e-a-ressurreicao-de-jesus-cristo","status":"publish","type":"post","link":"https:\/\/domvicoso.mg.gov.br\/v1\/semana-santa-e-uma-tradicao-religiosa-crista-que-celebra-a-paixao-a-morte-e-a-ressurreicao-de-jesus-cristo\/","title":{"rendered":"Semana Santa \u00e9 uma tradi\u00e7\u00e3o religiosa crist\u00e3 que celebra a Paix\u00e3o, a Morte e a Ressurrei\u00e7\u00e3o de Jesus Cristo"},"content":{"rendered":"<div class=\"x11i5rnm xat24cr x1mh8g0r x1vvkbs xdj266r x126k92a\">\n<div dir=\"auto\" style=\"text-align: justify;\">A Semana Santa \u00e9 uma tradi\u00e7\u00e3o religiosa crist\u00e3 que celebra a Paix\u00e3o, a Morte e a Ressurrei\u00e7\u00e3o de Jesus Cristo. Ela se inicia no Domingo de Ramos, que relembra a entrada de Jesus em Jerusal\u00e9m e termina com a ressurrei\u00e7\u00e3o de Jesus, que ocorre no domingo de P\u00e1scoa. A celebra\u00e7\u00e3o que j\u00e1 faz parte parte da cultura do nosso munic\u00edpio mobiliza grande parte da popula\u00e7\u00e3o que se disp\u00f5e a acompanh\u00e1-la e celebrar toda a semana santa.<\/div>\n<\/div>\n<div class=\"x11i5rnm xat24cr x1mh8g0r x1vvkbs xtlvy1s x126k92a\" style=\"text-align: justify;\">\n<div dir=\"auto\">Na segunda, ter\u00e7a e quarta-feira, dias 3, 4 e 5 de abril foram celebradas respectivamente:<\/div>\n<\/div>\n<div class=\"x11i5rnm xat24cr x1mh8g0r x1vvkbs xtlvy1s x126k92a\" style=\"text-align: justify;\">\n<div dir=\"auto\">SEGUNDA FEIRA DIA 3 &#8211; Missa e Prociss\u00e3o levando a imagem de Nosso Senhor dos Passos a resid\u00eancia do Sr. Luiz Ant\u00f4nio e Sra. Maria Jos\u00e9.<\/div>\n<div dir=\"auto\">TER\u00c7A FEIRA DIA 4 &#8211; Missa e Prociss\u00e3o levando a imagem de Nossa Senhora das Dores para a resid\u00eancia do Sr, Ivonildo e Sra. Marcia<\/div>\n<div dir=\"auto\">QUARTA FEIRA DIA 5 &#8211; Prociss\u00e3o do Encontro e a seguir Missa<\/div>\n<\/div>\n<div class=\"x11i5rnm xat24cr x1mh8g0r x1vvkbs xtlvy1s x126k92a\">\n<div dir=\"auto\" style=\"text-align: justify;\">Os encontros que re\u00fanem fi\u00e9is de todos os bairros de nossa cidade s\u00e3o uma linda demonstra\u00e7\u00e3o de f\u00e9 e devo\u00e7\u00e3o da cultura local , al\u00e9m de serem um encanto aos olhos de quem os acompanha.<\/div>\n<\/div>\n","protected":false},"excerpt":{"rendered":"<p>A Semana Santa \u00e9 uma tradi\u00e7\u00e3o religiosa crist\u00e3 que celebra [&hellip;]<\/p>\n","protected":false},"author":1,"featured_media":5321,"comment_status":"open","ping_status":"open","sticky":false,"template":"","format":"standard","meta":{"footnotes":""},"categories":[29],"tags":[],"class_list":["post-5320","post","type-post","status-publish","format-standard","has-post-thumbnail","hentry","category-noticias"],"_links":{"self":[{"href":"https:\/\/domvicoso.mg.gov.br\/v1\/wp-json\/wp\/v2\/posts\/5320","targetHints":{"allow":["GET"]}}],"collection":[{"href":"https:\/\/domvicoso.mg.gov.br\/v1\/wp-json\/wp\/v2\/posts"}],"about":[{"href":"https:\/\/domvicoso.mg.gov.br\/v1\/wp-json\/wp\/v2\/types\/post"}],"author":[{"embeddable":true,"href":"https:\/\/domvicoso.mg.gov.br\/v1\/wp-json\/wp\/v2\/users\/1"}],"replies":[{"embeddable":true,"href":"https:\/\/domvicoso.mg.gov.br\/v1\/wp-json\/wp\/v2\/comments?post=5320"}],"version-history":[{"count":3,"href":"https:\/\/domvicoso.mg.gov.br\/v1\/wp-json\/wp\/v2\/posts\/5320\/revisions"}],"predecessor-version":[{"id":5481,"href":"https:\/\/domvicoso.mg.gov.br\/v1\/wp-json\/wp\/v2\/posts\/5320\/revisions\/5481"}],"wp:featuredmedia":[{"embeddable":true,"href":"https:\/\/domvicoso.mg.gov.br\/v1\/wp-json\/wp\/v2\/media\/5321"}],"wp:attachment":[{"href":"https:\/\/domvicoso.mg.gov.br\/v1\/wp-json\/wp\/v2\/media?parent=5320"}],"wp:term":[{"taxonomy":"category","embeddable":true,"href":"https:\/\/domvicoso.mg.gov.br\/v1\/wp-json\/wp\/v2\/categories?post=5320"},{"taxonomy":"post_tag","embeddable":true,"href":"https:\/\/domvicoso.mg.gov.br\/v1\/wp-json\/wp\/v2\/tags?post=5320"}],"curies":[{"name":"wp","href":"https:\/\/api.w.org\/{rel}","templated":true}]}}