{"id":5358,"date":"2023-04-14T17:12:33","date_gmt":"2023-04-14T17:12:33","guid":{"rendered":"https:\/\/domvicoso.mg.gov.br\/v1\/?p=5358"},"modified":"2023-04-18T17:16:04","modified_gmt":"2023-04-18T17:16:04","slug":"o-agro-de-dom-vicoso-tambem-e-tec","status":"publish","type":"post","link":"https:\/\/domvicoso.mg.gov.br\/v1\/o-agro-de-dom-vicoso-tambem-e-tec\/","title":{"rendered":"O AGRO de Dom Vi\u00e7oso tamb\u00e9m \u00e9 TEC!"},"content":{"rendered":"<p style=\"text-align: justify;\">O #agro de Dom Vi\u00e7oso tamb\u00e9m \u00e9 TEC! A @ematerminas implantou a primeira Unidade Demonstrativa (UD) de trigo forrageiro da cultivar MGS Brilhante, desenvolvido pela @epamigoficial. At\u00e9 o momento, foram implantadas 15 UDs no Estado, sendo uma delas em Dom Vi\u00e7oso! Nossa cidade agradece o produtor Odair Jos\u00e9 Alves de Morais, o \u2018Z\u00e9 do Trator\u2019, por acreditar nesse projeto.<br \/>\nO trigo forrageiro apresenta-se como uma \u00f3tima alternativa \u00e0 produ\u00e7\u00e3o de silagem de boa qualidade e baixo custo, no per\u00edodo de Outono\/Inverno, em substitui\u00e7\u00e3o ao milho safrinha.<\/p>\n","protected":false},"excerpt":{"rendered":"<p>O #agro de Dom Vi\u00e7oso tamb\u00e9m \u00e9 TEC! A @ematerminas [&hellip;]<\/p>\n","protected":false},"author":1,"featured_media":5362,"comment_status":"open","ping_status":"open","sticky":false,"template":"","format":"standard","meta":{"footnotes":""},"categories":[29],"tags":[],"class_list":["post-5358","post","type-post","status-publish","format-standard","has-post-thumbnail","hentry","category-noticias"],"_links":{"self":[{"href":"https:\/\/domvicoso.mg.gov.br\/v1\/wp-json\/wp\/v2\/posts\/5358","targetHints":{"allow":["GET"]}}],"collection":[{"href":"https:\/\/domvicoso.mg.gov.br\/v1\/wp-json\/wp\/v2\/posts"}],"about":[{"href":"https:\/\/domvicoso.mg.gov.br\/v1\/wp-json\/wp\/v2\/types\/post"}],"author":[{"embeddable":true,"href":"https:\/\/domvicoso.mg.gov.br\/v1\/wp-json\/wp\/v2\/users\/1"}],"replies":[{"embeddable":true,"href":"https:\/\/domvicoso.mg.gov.br\/v1\/wp-json\/wp\/v2\/comments?post=5358"}],"version-history":[{"count":1,"href":"https:\/\/domvicoso.mg.gov.br\/v1\/wp-json\/wp\/v2\/posts\/5358\/revisions"}],"predecessor-version":[{"id":5363,"href":"https:\/\/domvicoso.mg.gov.br\/v1\/wp-json\/wp\/v2\/posts\/5358\/revisions\/5363"}],"wp:featuredmedia":[{"embeddable":true,"href":"https:\/\/domvicoso.mg.gov.br\/v1\/wp-json\/wp\/v2\/media\/5362"}],"wp:attachment":[{"href":"https:\/\/domvicoso.mg.gov.br\/v1\/wp-json\/wp\/v2\/media?parent=5358"}],"wp:term":[{"taxonomy":"category","embeddable":true,"href":"https:\/\/domvicoso.mg.gov.br\/v1\/wp-json\/wp\/v2\/categories?post=5358"},{"taxonomy":"post_tag","embeddable":true,"href":"https:\/\/domvicoso.mg.gov.br\/v1\/wp-json\/wp\/v2\/tags?post=5358"}],"curies":[{"name":"wp","href":"https:\/\/api.w.org\/{rel}","templated":true}]}}