{"id":5472,"date":"2023-05-15T18:41:12","date_gmt":"2023-05-15T18:41:12","guid":{"rendered":"https:\/\/domvicoso.mg.gov.br\/v1\/?p=5472"},"modified":"2023-05-16T19:07:40","modified_gmt":"2023-05-16T19:07:40","slug":"semana-do-microempreendedor-individual-de-dom-vicoso","status":"publish","type":"post","link":"https:\/\/domvicoso.mg.gov.br\/v1\/semana-do-microempreendedor-individual-de-dom-vicoso\/","title":{"rendered":"Semana do Microempreendedor Individual de Dom Vi\u00e7oso"},"content":{"rendered":"<p>Se voc\u00ea \u00e9 MEI ou quer se formalizar, n\u00e3o deixe de participar da <strong>*Semana do Microempreendedor Individual de Dom Vi\u00e7oso.*<\/strong><\/p>\n<p>Teremos oficinas gratuitas sobre gest\u00e3o de neg\u00f3cio e legisla\u00e7\u00e3o, tudo para tornar sua empresa mais competitiva no mercado.<\/p>\n<p>Venha se capacitar e tomar um cafezinho com a gente!\u00a0<span class=\"x3nfvp2 x1j61x8r x1fcty0u xdj266r xhhsvwb xat24cr xgzva0m xxymvpz xlup9mm x1kky2od\"><img class=\"lazyload\" decoding=\"async\" src=\"data:image\/svg+xml,%3Csvg%20xmlns%3D%27http%3A%2F%2Fwww.w3.org%2F2000%2Fsvg%27%20width%3D%2716%27%20height%3D%2716%27%20viewBox%3D%270%200%2016%2016%27%3E%3Crect%20width%3D%2716%27%20height%3D%2716%27%20fill-opacity%3D%220%22%2F%3E%3C%2Fsvg%3E\" data-orig-src=\"https:\/\/static.xx.fbcdn.net\/images\/emoji.php\/v9\/td2\/1\/16\/1f604.png\" alt=\"&#x1f604;\" width=\"16\" height=\"16\" \/><\/span>\u00a0Se inscreva em:\u00a0<a class=\"x1i10hfl xjbqb8w x6umtig x1b1mbwd xaqea5y xav7gou x9f619 x1ypdohk xt0psk2 xe8uvvx xdj266r x11i5rnm xat24cr x1mh8g0r xexx8yu x4uap5 x18d9i69 xkhd6sd x16tdsg8 x1hl2dhg xggy1nq x1a2a7pz xt0b8zv x1fey0fg\" tabindex=\"0\" role=\"link\" href=\"https:\/\/forms.gle\/HmyMHU3oDTazpKTF8?fbclid=IwAR3KqWQ0S_F3ywCzEvaVan5pTD1rYH4oRDJnjpomoT2Um3DjvtiDGGzJF6w\" target=\"_blank\" rel=\"nofollow noopener\">https:\/\/forms.gle\/HmyMHU3oDTazpKTF8<\/a><\/p>\n<p>*Aten\u00e7\u00e3o:* vagas limitadas, n\u00e3o perca!<\/p>\n","protected":false},"excerpt":{"rendered":"<p>Se voc\u00ea \u00e9 MEI ou quer se formalizar, n\u00e3o deixe [&hellip;]<\/p>\n","protected":false},"author":1,"featured_media":5470,"comment_status":"open","ping_status":"open","sticky":false,"template":"","format":"standard","meta":{"footnotes":""},"categories":[29],"tags":[],"class_list":["post-5472","post","type-post","status-publish","format-standard","has-post-thumbnail","hentry","category-noticias"],"_links":{"self":[{"href":"https:\/\/domvicoso.mg.gov.br\/v1\/wp-json\/wp\/v2\/posts\/5472","targetHints":{"allow":["GET"]}}],"collection":[{"href":"https:\/\/domvicoso.mg.gov.br\/v1\/wp-json\/wp\/v2\/posts"}],"about":[{"href":"https:\/\/domvicoso.mg.gov.br\/v1\/wp-json\/wp\/v2\/types\/post"}],"author":[{"embeddable":true,"href":"https:\/\/domvicoso.mg.gov.br\/v1\/wp-json\/wp\/v2\/users\/1"}],"replies":[{"embeddable":true,"href":"https:\/\/domvicoso.mg.gov.br\/v1\/wp-json\/wp\/v2\/comments?post=5472"}],"version-history":[{"count":2,"href":"https:\/\/domvicoso.mg.gov.br\/v1\/wp-json\/wp\/v2\/posts\/5472\/revisions"}],"predecessor-version":[{"id":5479,"href":"https:\/\/domvicoso.mg.gov.br\/v1\/wp-json\/wp\/v2\/posts\/5472\/revisions\/5479"}],"wp:featuredmedia":[{"embeddable":true,"href":"https:\/\/domvicoso.mg.gov.br\/v1\/wp-json\/wp\/v2\/media\/5470"}],"wp:attachment":[{"href":"https:\/\/domvicoso.mg.gov.br\/v1\/wp-json\/wp\/v2\/media?parent=5472"}],"wp:term":[{"taxonomy":"category","embeddable":true,"href":"https:\/\/domvicoso.mg.gov.br\/v1\/wp-json\/wp\/v2\/categories?post=5472"},{"taxonomy":"post_tag","embeddable":true,"href":"https:\/\/domvicoso.mg.gov.br\/v1\/wp-json\/wp\/v2\/tags?post=5472"}],"curies":[{"name":"wp","href":"https:\/\/api.w.org\/{rel}","templated":true}]}}