{"id":5494,"date":"2023-05-25T14:57:46","date_gmt":"2023-05-25T14:57:46","guid":{"rendered":"https:\/\/domvicoso.mg.gov.br\/v1\/?p=5494"},"modified":"2023-05-26T14:59:14","modified_gmt":"2023-05-26T14:59:14","slug":"as-oportunidades-e-novidades-na-area-da-educacao-nao-param-de-chegar-em-nosso-municipio","status":"publish","type":"post","link":"https:\/\/domvicoso.mg.gov.br\/v1\/as-oportunidades-e-novidades-na-area-da-educacao-nao-param-de-chegar-em-nosso-municipio\/","title":{"rendered":"As oportunidades e novidades na \u00e1rea da Educa\u00e7\u00e3o n\u00e3o param de chegar em nosso munic\u00edpio!!!"},"content":{"rendered":"<p style=\"text-align: justify;\">Mais uma grande e sustent\u00e1vel parceria entre o IFSULDEMINAS- CAMPUS AVAN\u00c7ADO CARMO DE MINAS COM A PREFEITURA MUNICIPAL DE DOM VI\u00c7OSO e SECRETARIA DE EDUCA\u00c7\u00c3O ATRAV\u00c9S DO POLO DE DOM VI\u00c7OSO.<br \/>\nFEDERAL, GRATUITO E DE QUALIDADE!!!<br \/>\nCURSO T\u00c9CNICO EM RECURSOS HUMANOS \u2013 EAD (20% presencial)<br \/>\nVagas : 100 para o Polo UAB de Dom Vi\u00e7oso<br \/>\nDe acordo com o que preceitua a RESOLU\u00c7\u00c3O 55\/2018 &#8211; CONSUP\/IFSULDEMINAS, no m\u00ednimo, 20% da nota total de cada disciplina ser\u00e1 atribu\u00edda a atividades e avalia\u00e7\u00f5es realizadas de MODO PRESENCIAL, nos polos de oferta.<br \/>\nSubsequente (Ensino M\u00e9dio Completo)<br \/>\nInscri\u00e7\u00f5es: 02 de maio &#8211; 14h at\u00e9 16 de junho &#8211; 17h59<br \/>\nSe encontrar dificuldades em fazer sua inscri\u00e7\u00e3o, procure a Equipe do Polo :<br \/>\nRua Valdemar de Oliveira, 01<br \/>\nHor\u00e1rio de Funcionamento das 17 as 21 hs :<br \/>\nSegunda a Quinta-feira<br \/>\nP\u00fablico: Candidatos com Ensino M\u00e9dio Completo<br \/>\nLink para Inscri\u00e7\u00e3o:<br \/>\nhttps:\/\/portal.ifsuldeminas.edu.br\/&#8230;\/5805-edital-96&#8230;<br \/>\nInforma\u00e7\u00f5es com Tutor Marcelino no Telefone &#x260e;&#xfe0f; WhatsApp (35) 998783325<br \/>\nEdital :<br \/>\nhttps:\/\/portal.ifsuldeminas.edu.br\/&#8230;\/Edital%2096%202023&#8230;<br \/>\n&#x26a0;&#xfe0f; Ao fazer a inscri\u00e7\u00e3o escolher Campus C &#8211; Carmo de Minas, Polo Dom Vi\u00e7oso no Curso T\u00e9cnico em RH. &#x26a0;&#xfe0f;<\/p>\n","protected":false},"excerpt":{"rendered":"<p>Mais uma grande e sustent\u00e1vel parceria entre o IFSULDEMINAS- CAMPUS [&hellip;]<\/p>\n","protected":false},"author":1,"featured_media":5497,"comment_status":"open","ping_status":"open","sticky":false,"template":"","format":"standard","meta":{"footnotes":""},"categories":[29],"tags":[],"class_list":["post-5494","post","type-post","status-publish","format-standard","has-post-thumbnail","hentry","category-noticias"],"_links":{"self":[{"href":"https:\/\/domvicoso.mg.gov.br\/v1\/wp-json\/wp\/v2\/posts\/5494","targetHints":{"allow":["GET"]}}],"collection":[{"href":"https:\/\/domvicoso.mg.gov.br\/v1\/wp-json\/wp\/v2\/posts"}],"about":[{"href":"https:\/\/domvicoso.mg.gov.br\/v1\/wp-json\/wp\/v2\/types\/post"}],"author":[{"embeddable":true,"href":"https:\/\/domvicoso.mg.gov.br\/v1\/wp-json\/wp\/v2\/users\/1"}],"replies":[{"embeddable":true,"href":"https:\/\/domvicoso.mg.gov.br\/v1\/wp-json\/wp\/v2\/comments?post=5494"}],"version-history":[{"count":1,"href":"https:\/\/domvicoso.mg.gov.br\/v1\/wp-json\/wp\/v2\/posts\/5494\/revisions"}],"predecessor-version":[{"id":5498,"href":"https:\/\/domvicoso.mg.gov.br\/v1\/wp-json\/wp\/v2\/posts\/5494\/revisions\/5498"}],"wp:featuredmedia":[{"embeddable":true,"href":"https:\/\/domvicoso.mg.gov.br\/v1\/wp-json\/wp\/v2\/media\/5497"}],"wp:attachment":[{"href":"https:\/\/domvicoso.mg.gov.br\/v1\/wp-json\/wp\/v2\/media?parent=5494"}],"wp:term":[{"taxonomy":"category","embeddable":true,"href":"https:\/\/domvicoso.mg.gov.br\/v1\/wp-json\/wp\/v2\/categories?post=5494"},{"taxonomy":"post_tag","embeddable":true,"href":"https:\/\/domvicoso.mg.gov.br\/v1\/wp-json\/wp\/v2\/tags?post=5494"}],"curies":[{"name":"wp","href":"https:\/\/api.w.org\/{rel}","templated":true}]}}