{"id":5569,"date":"2023-05-26T14:18:38","date_gmt":"2023-05-26T14:18:38","guid":{"rendered":"https:\/\/domvicoso.mg.gov.br\/v1\/?p=5569"},"modified":"2023-06-09T14:20:12","modified_gmt":"2023-06-09T14:20:12","slug":"%f0%9f%8f%86expodom-2023-porque-tudo-comeca-com-um-sonho-%f0%9f%8f%86","status":"publish","type":"post","link":"https:\/\/domvicoso.mg.gov.br\/v1\/%f0%9f%8f%86expodom-2023-porque-tudo-comeca-com-um-sonho-%f0%9f%8f%86\/","title":{"rendered":"&#x1f3c6;EXPODOM 2023 &#8211; Porque tudo come\u00e7a com um sonho!! &#x1f3c6;"},"content":{"rendered":"<div class=\"xdj266r x11i5rnm xat24cr x1mh8g0r x1vvkbs x126k92a\">\n<div dir=\"auto\">A festa que aconteceu de 17 a 21 de maio j\u00e1 est\u00e1 deixando saudade.<\/div>\n<div dir=\"auto\">Intitulada de EXPODOM 2023, o PRIMEIRO TORNEIO LEITEIRO DA AGRICULTURA FAMILIAR DE DOM VI\u00c7OSO foi um sucesso!<\/div>\n<\/div>\n<div class=\"x11i5rnm xat24cr x1mh8g0r x1vvkbs xtlvy1s x126k92a\">\n<div dir=\"auto\">Marcada por muita alegria e muita emo\u00e7\u00e3o, n\u00e3o s\u00f3 para os produtores e expositores da festa, mas como tamb\u00e9m por quem passava por l\u00e1. A comemora\u00e7\u00e3o celebrava n\u00e3o s\u00f3 os dois projetos de melhoramento gen\u00e9tico que aconteceram no munic\u00edpio (FIV em parceria com SEBRAE e IATF iniciativa da prefeitura com Emater), como tamb\u00e9m celebra a cultura do leite e a profiss\u00e3o do retireiros, que \u00e9 t\u00e3o bonita e sacrificante e que sustenta tantas fam\u00edlias em Dom Vi\u00e7oso.<\/div>\n<div dir=\"auto\">Al\u00e9m da competi\u00e7\u00e3o de ordenha, tamb\u00e9m tivemos oficina de derivados do leite que aconteceu durante a semana e foi uma parceria com SENAR, pra\u00e7a de alimenta\u00e7\u00e3o e shows que alegaram as noites frias no munic\u00edpio. A festa, que j\u00e1 deixa saudade, tem tudo pra virar tradi\u00e7\u00e3o!<\/div>\n<div dir=\"auto\"><\/div>\n<\/div>\n<div dir=\"auto\">Fonte: <a href=\"https:\/\/www.facebook.com\/setormunicipalculturadomvicoso\">Facebook Setor Municipal de Cultura, Turismo e Meio Ambiente de Dom Vi\u00e7oso-MG.<\/a><\/div>\n","protected":false},"excerpt":{"rendered":"<p>A festa que aconteceu de 17 a 21 de maio [&hellip;]<\/p>\n","protected":false},"author":1,"featured_media":5574,"comment_status":"open","ping_status":"open","sticky":false,"template":"","format":"standard","meta":{"footnotes":""},"categories":[29],"tags":[],"class_list":["post-5569","post","type-post","status-publish","format-standard","has-post-thumbnail","hentry","category-noticias"],"_links":{"self":[{"href":"https:\/\/domvicoso.mg.gov.br\/v1\/wp-json\/wp\/v2\/posts\/5569","targetHints":{"allow":["GET"]}}],"collection":[{"href":"https:\/\/domvicoso.mg.gov.br\/v1\/wp-json\/wp\/v2\/posts"}],"about":[{"href":"https:\/\/domvicoso.mg.gov.br\/v1\/wp-json\/wp\/v2\/types\/post"}],"author":[{"embeddable":true,"href":"https:\/\/domvicoso.mg.gov.br\/v1\/wp-json\/wp\/v2\/users\/1"}],"replies":[{"embeddable":true,"href":"https:\/\/domvicoso.mg.gov.br\/v1\/wp-json\/wp\/v2\/comments?post=5569"}],"version-history":[{"count":1,"href":"https:\/\/domvicoso.mg.gov.br\/v1\/wp-json\/wp\/v2\/posts\/5569\/revisions"}],"predecessor-version":[{"id":5575,"href":"https:\/\/domvicoso.mg.gov.br\/v1\/wp-json\/wp\/v2\/posts\/5569\/revisions\/5575"}],"wp:featuredmedia":[{"embeddable":true,"href":"https:\/\/domvicoso.mg.gov.br\/v1\/wp-json\/wp\/v2\/media\/5574"}],"wp:attachment":[{"href":"https:\/\/domvicoso.mg.gov.br\/v1\/wp-json\/wp\/v2\/media?parent=5569"}],"wp:term":[{"taxonomy":"category","embeddable":true,"href":"https:\/\/domvicoso.mg.gov.br\/v1\/wp-json\/wp\/v2\/categories?post=5569"},{"taxonomy":"post_tag","embeddable":true,"href":"https:\/\/domvicoso.mg.gov.br\/v1\/wp-json\/wp\/v2\/tags?post=5569"}],"curies":[{"name":"wp","href":"https:\/\/api.w.org\/{rel}","templated":true}]}}