{"id":5732,"date":"2023-07-25T14:38:48","date_gmt":"2023-07-25T14:38:48","guid":{"rendered":"https:\/\/domvicoso.mg.gov.br\/v1\/?p=5732"},"modified":"2023-07-31T14:39:51","modified_gmt":"2023-07-31T14:39:51","slug":"25-de-julho-dia-do-motorista","status":"publish","type":"post","link":"https:\/\/domvicoso.mg.gov.br\/v1\/25-de-julho-dia-do-motorista\/","title":{"rendered":"25 de Julho, Dia do Motorista!"},"content":{"rendered":"<div class=\"x11i5rnm xat24cr x1mh8g0r x1vvkbs xtlvy1s x126k92a\">\n<div dir=\"auto\" style=\"text-align: justify;\"><\/div>\n<\/div>\n<div class=\"x11i5rnm xat24cr x1mh8g0r x1vvkbs xtlvy1s x126k92a\">\n<div dir=\"auto\" style=\"text-align: justify;\">A Prefeitura Municipal de Dom Vi\u00e7oso parabeniza todos os motoristas, principalmente seus colaboradores pelo seu dia, e agradece pelos excelentes servi\u00e7os prestados a popula\u00e7\u00e3o!<\/div>\n<\/div>\n","protected":false},"excerpt":{"rendered":"<p>A Prefeitura Municipal de Dom Vi\u00e7oso parabeniza todos os motoristas, [&hellip;]<\/p>\n","protected":false},"author":1,"featured_media":5733,"comment_status":"open","ping_status":"open","sticky":false,"template":"","format":"standard","meta":{"footnotes":""},"categories":[29],"tags":[],"class_list":["post-5732","post","type-post","status-publish","format-standard","has-post-thumbnail","hentry","category-noticias"],"_links":{"self":[{"href":"https:\/\/domvicoso.mg.gov.br\/v1\/wp-json\/wp\/v2\/posts\/5732","targetHints":{"allow":["GET"]}}],"collection":[{"href":"https:\/\/domvicoso.mg.gov.br\/v1\/wp-json\/wp\/v2\/posts"}],"about":[{"href":"https:\/\/domvicoso.mg.gov.br\/v1\/wp-json\/wp\/v2\/types\/post"}],"author":[{"embeddable":true,"href":"https:\/\/domvicoso.mg.gov.br\/v1\/wp-json\/wp\/v2\/users\/1"}],"replies":[{"embeddable":true,"href":"https:\/\/domvicoso.mg.gov.br\/v1\/wp-json\/wp\/v2\/comments?post=5732"}],"version-history":[{"count":1,"href":"https:\/\/domvicoso.mg.gov.br\/v1\/wp-json\/wp\/v2\/posts\/5732\/revisions"}],"predecessor-version":[{"id":5734,"href":"https:\/\/domvicoso.mg.gov.br\/v1\/wp-json\/wp\/v2\/posts\/5732\/revisions\/5734"}],"wp:featuredmedia":[{"embeddable":true,"href":"https:\/\/domvicoso.mg.gov.br\/v1\/wp-json\/wp\/v2\/media\/5733"}],"wp:attachment":[{"href":"https:\/\/domvicoso.mg.gov.br\/v1\/wp-json\/wp\/v2\/media?parent=5732"}],"wp:term":[{"taxonomy":"category","embeddable":true,"href":"https:\/\/domvicoso.mg.gov.br\/v1\/wp-json\/wp\/v2\/categories?post=5732"},{"taxonomy":"post_tag","embeddable":true,"href":"https:\/\/domvicoso.mg.gov.br\/v1\/wp-json\/wp\/v2\/tags?post=5732"}],"curies":[{"name":"wp","href":"https:\/\/api.w.org\/{rel}","templated":true}]}}