{"id":5735,"date":"2023-07-25T14:40:08","date_gmt":"2023-07-25T14:40:08","guid":{"rendered":"https:\/\/domvicoso.mg.gov.br\/v1\/?p=5735"},"modified":"2023-07-31T14:41:19","modified_gmt":"2023-07-31T14:41:19","slug":"25-de-julho-dia-da-agricultura-familiar","status":"publish","type":"post","link":"https:\/\/domvicoso.mg.gov.br\/v1\/25-de-julho-dia-da-agricultura-familiar\/","title":{"rendered":"25 de Julho, Dia da Agricultura Familiar!"},"content":{"rendered":"<div dir=\"auto\">Parab\u00e9ns \u00e0s fam\u00edlias que cultivam nossos alimentos. Feliz dia da Agricultura familiar!<\/div>\n<div dir=\"auto\"><a class=\"x1i10hfl xjbqb8w x6umtig x1b1mbwd xaqea5y xav7gou x9f619 x1ypdohk xt0psk2 xe8uvvx xdj266r x11i5rnm xat24cr x1mh8g0r xexx8yu x4uap5 x18d9i69 xkhd6sd x16tdsg8 x1hl2dhg xggy1nq x1a2a7pz xt0b8zv x1qq9wsj xo1l8bm\" tabindex=\"0\" role=\"link\" href=\"https:\/\/www.facebook.com\/hashtag\/diadaagriculturafamiliar?__eep__=6&amp;__cft__[0]=AZX4GUyIeuWGjqm_0meaYhY7MyxxhWH6RBfjEkYPol_2f8Jq_qBwzkitQHIX_U852vxs6yDHcmkyxDqC3o3axpkjFmEjreyJPucH4Dp1KI0NufEg6ATT1wDgOSu7Kow1zVqzxD5FM2BmwYDZSsqqChiqpn7cV440-GqalcOXKMb1qye5LvrgGxe7rJJ44GGO1tA&amp;__tn__=*NK-R\">#diadaagriculturafamiliar<\/a> <a class=\"x1i10hfl xjbqb8w x6umtig x1b1mbwd xaqea5y xav7gou x9f619 x1ypdohk xt0psk2 xe8uvvx xdj266r x11i5rnm xat24cr x1mh8g0r xexx8yu x4uap5 x18d9i69 xkhd6sd x16tdsg8 x1hl2dhg xggy1nq x1a2a7pz xt0b8zv x1qq9wsj xo1l8bm\" tabindex=\"0\" role=\"link\" href=\"https:\/\/www.facebook.com\/hashtag\/felizdia?__eep__=6&amp;__cft__[0]=AZX4GUyIeuWGjqm_0meaYhY7MyxxhWH6RBfjEkYPol_2f8Jq_qBwzkitQHIX_U852vxs6yDHcmkyxDqC3o3axpkjFmEjreyJPucH4Dp1KI0NufEg6ATT1wDgOSu7Kow1zVqzxD5FM2BmwYDZSsqqChiqpn7cV440-GqalcOXKMb1qye5LvrgGxe7rJJ44GGO1tA&amp;__tn__=*NK-R\">#felizdia<\/a> <a class=\"x1i10hfl xjbqb8w x6umtig x1b1mbwd xaqea5y xav7gou x9f619 x1ypdohk xt0psk2 xe8uvvx xdj266r x11i5rnm xat24cr x1mh8g0r xexx8yu x4uap5 x18d9i69 xkhd6sd x16tdsg8 x1hl2dhg xggy1nq x1a2a7pz xt0b8zv x1qq9wsj xo1l8bm\" tabindex=\"0\" role=\"link\" href=\"https:\/\/www.facebook.com\/hashtag\/domvi%C3%A7oso?__eep__=6&amp;__cft__[0]=AZX4GUyIeuWGjqm_0meaYhY7MyxxhWH6RBfjEkYPol_2f8Jq_qBwzkitQHIX_U852vxs6yDHcmkyxDqC3o3axpkjFmEjreyJPucH4Dp1KI0NufEg6ATT1wDgOSu7Kow1zVqzxD5FM2BmwYDZSsqqChiqpn7cV440-GqalcOXKMb1qye5LvrgGxe7rJJ44GGO1tA&amp;__tn__=*NK-R\">#domvi\u00e7oso<\/a> <a class=\"x1i10hfl xjbqb8w x6umtig x1b1mbwd xaqea5y xav7gou x9f619 x1ypdohk xt0psk2 xe8uvvx xdj266r x11i5rnm xat24cr x1mh8g0r xexx8yu x4uap5 x18d9i69 xkhd6sd x16tdsg8 x1hl2dhg xggy1nq x1a2a7pz xt0b8zv x1qq9wsj xo1l8bm\" tabindex=\"0\" role=\"link\" href=\"https:\/\/www.facebook.com\/hashtag\/agriculturafamiliar?__eep__=6&amp;__cft__[0]=AZX4GUyIeuWGjqm_0meaYhY7MyxxhWH6RBfjEkYPol_2f8Jq_qBwzkitQHIX_U852vxs6yDHcmkyxDqC3o3axpkjFmEjreyJPucH4Dp1KI0NufEg6ATT1wDgOSu7Kow1zVqzxD5FM2BmwYDZSsqqChiqpn7cV440-GqalcOXKMb1qye5LvrgGxe7rJJ44GGO1tA&amp;__tn__=*NK-R\">#agriculturafamiliar<\/a> <a class=\"x1i10hfl xjbqb8w x6umtig x1b1mbwd xaqea5y xav7gou x9f619 x1ypdohk xt0psk2 xe8uvvx xdj266r x11i5rnm xat24cr x1mh8g0r xexx8yu x4uap5 x18d9i69 xkhd6sd x16tdsg8 x1hl2dhg xggy1nq x1a2a7pz xt0b8zv x1qq9wsj xo1l8bm\" tabindex=\"0\" role=\"link\" href=\"https:\/\/www.facebook.com\/hashtag\/alimento?__eep__=6&amp;__cft__[0]=AZX4GUyIeuWGjqm_0meaYhY7MyxxhWH6RBfjEkYPol_2f8Jq_qBwzkitQHIX_U852vxs6yDHcmkyxDqC3o3axpkjFmEjreyJPucH4Dp1KI0NufEg6ATT1wDgOSu7Kow1zVqzxD5FM2BmwYDZSsqqChiqpn7cV440-GqalcOXKMb1qye5LvrgGxe7rJJ44GGO1tA&amp;__tn__=*NK-R\">#alimento<\/a><\/div>\n","protected":false},"excerpt":{"rendered":"<p>Parab\u00e9ns \u00e0s fam\u00edlias que cultivam nossos alimentos. Feliz dia da [&hellip;]<\/p>\n","protected":false},"author":1,"featured_media":5736,"comment_status":"open","ping_status":"open","sticky":false,"template":"","format":"standard","meta":{"footnotes":""},"categories":[29],"tags":[],"class_list":["post-5735","post","type-post","status-publish","format-standard","has-post-thumbnail","hentry","category-noticias"],"_links":{"self":[{"href":"https:\/\/domvicoso.mg.gov.br\/v1\/wp-json\/wp\/v2\/posts\/5735","targetHints":{"allow":["GET"]}}],"collection":[{"href":"https:\/\/domvicoso.mg.gov.br\/v1\/wp-json\/wp\/v2\/posts"}],"about":[{"href":"https:\/\/domvicoso.mg.gov.br\/v1\/wp-json\/wp\/v2\/types\/post"}],"author":[{"embeddable":true,"href":"https:\/\/domvicoso.mg.gov.br\/v1\/wp-json\/wp\/v2\/users\/1"}],"replies":[{"embeddable":true,"href":"https:\/\/domvicoso.mg.gov.br\/v1\/wp-json\/wp\/v2\/comments?post=5735"}],"version-history":[{"count":1,"href":"https:\/\/domvicoso.mg.gov.br\/v1\/wp-json\/wp\/v2\/posts\/5735\/revisions"}],"predecessor-version":[{"id":5737,"href":"https:\/\/domvicoso.mg.gov.br\/v1\/wp-json\/wp\/v2\/posts\/5735\/revisions\/5737"}],"wp:featuredmedia":[{"embeddable":true,"href":"https:\/\/domvicoso.mg.gov.br\/v1\/wp-json\/wp\/v2\/media\/5736"}],"wp:attachment":[{"href":"https:\/\/domvicoso.mg.gov.br\/v1\/wp-json\/wp\/v2\/media?parent=5735"}],"wp:term":[{"taxonomy":"category","embeddable":true,"href":"https:\/\/domvicoso.mg.gov.br\/v1\/wp-json\/wp\/v2\/categories?post=5735"},{"taxonomy":"post_tag","embeddable":true,"href":"https:\/\/domvicoso.mg.gov.br\/v1\/wp-json\/wp\/v2\/tags?post=5735"}],"curies":[{"name":"wp","href":"https:\/\/api.w.org\/{rel}","templated":true}]}}