{"id":5747,"date":"2023-07-28T14:44:30","date_gmt":"2023-07-28T14:44:30","guid":{"rendered":"https:\/\/domvicoso.mg.gov.br\/v1\/?p=5747"},"modified":"2023-07-31T14:46:00","modified_gmt":"2023-07-31T14:46:00","slug":"semana-de-prevencao-ao-cancer-de-boca-de-31-07-a-04-08","status":"publish","type":"post","link":"https:\/\/domvicoso.mg.gov.br\/v1\/semana-de-prevencao-ao-cancer-de-boca-de-31-07-a-04-08\/","title":{"rendered":"Semana de Preven\u00e7\u00e3o ao C\u00e2ncer de Boca de 31\/07 a 04\/08"},"content":{"rendered":"<div class=\"x11i5rnm xat24cr x1mh8g0r x1vvkbs xtlvy1s x126k92a\">\n<div dir=\"auto\">Local: ESF Dom Vi\u00e7oso, pr\u00f3ximo a quadra poliesportiva.<\/div>\n<\/div>\n<div class=\"x11i5rnm xat24cr x1mh8g0r x1vvkbs xtlvy1s x126k92a\">\n<div dir=\"auto\">OBS: Procurar o dentista do ESF para avalia\u00e7\u00e3o.<\/div>\n<\/div>\n","protected":false},"excerpt":{"rendered":"<p>Local: ESF Dom Vi\u00e7oso, pr\u00f3ximo a quadra poliesportiva. OBS: Procurar [&hellip;]<\/p>\n","protected":false},"author":1,"featured_media":5740,"comment_status":"open","ping_status":"open","sticky":false,"template":"","format":"standard","meta":{"footnotes":""},"categories":[29],"tags":[],"class_list":["post-5747","post","type-post","status-publish","format-standard","has-post-thumbnail","hentry","category-noticias"],"_links":{"self":[{"href":"https:\/\/domvicoso.mg.gov.br\/v1\/wp-json\/wp\/v2\/posts\/5747","targetHints":{"allow":["GET"]}}],"collection":[{"href":"https:\/\/domvicoso.mg.gov.br\/v1\/wp-json\/wp\/v2\/posts"}],"about":[{"href":"https:\/\/domvicoso.mg.gov.br\/v1\/wp-json\/wp\/v2\/types\/post"}],"author":[{"embeddable":true,"href":"https:\/\/domvicoso.mg.gov.br\/v1\/wp-json\/wp\/v2\/users\/1"}],"replies":[{"embeddable":true,"href":"https:\/\/domvicoso.mg.gov.br\/v1\/wp-json\/wp\/v2\/comments?post=5747"}],"version-history":[{"count":1,"href":"https:\/\/domvicoso.mg.gov.br\/v1\/wp-json\/wp\/v2\/posts\/5747\/revisions"}],"predecessor-version":[{"id":5748,"href":"https:\/\/domvicoso.mg.gov.br\/v1\/wp-json\/wp\/v2\/posts\/5747\/revisions\/5748"}],"wp:featuredmedia":[{"embeddable":true,"href":"https:\/\/domvicoso.mg.gov.br\/v1\/wp-json\/wp\/v2\/media\/5740"}],"wp:attachment":[{"href":"https:\/\/domvicoso.mg.gov.br\/v1\/wp-json\/wp\/v2\/media?parent=5747"}],"wp:term":[{"taxonomy":"category","embeddable":true,"href":"https:\/\/domvicoso.mg.gov.br\/v1\/wp-json\/wp\/v2\/categories?post=5747"},{"taxonomy":"post_tag","embeddable":true,"href":"https:\/\/domvicoso.mg.gov.br\/v1\/wp-json\/wp\/v2\/tags?post=5747"}],"curies":[{"name":"wp","href":"https:\/\/api.w.org\/{rel}","templated":true}]}}