{"id":5824,"date":"2023-08-17T13:46:27","date_gmt":"2023-08-17T13:46:27","guid":{"rendered":"https:\/\/domvicoso.mg.gov.br\/v1\/?p=5824"},"modified":"2023-08-26T13:48:56","modified_gmt":"2023-08-26T13:48:56","slug":"workshop-da-defesa-civil","status":"publish","type":"post","link":"https:\/\/domvicoso.mg.gov.br\/v1\/workshop-da-defesa-civil\/","title":{"rendered":"Workshop da Defesa Civil"},"content":{"rendered":"<div class=\"xdj266r x11i5rnm xat24cr x1mh8g0r x1vvkbs x126k92a\">\n<div dir=\"auto\" style=\"text-align: justify;\">Nesta segunda-feira, 14 de agosto, aconteceu em nosso Munic\u00edpio o workshop da Defesa Civil que visa a capacita\u00e7\u00e3o dos agentes para que eles possam estar mais preparados e munidos de informa\u00e7\u00f5es para fazer frente aos desastres. No workshop que aconteceu durante toda a segunda-feira foram ministradas seis palestras com os temas:<\/div>\n<div dir=\"auto\" style=\"text-align: justify;\">&#8211; Estrutura e Mobiliza\u00e7\u00e3o -Sgt PM Wander \/ 18\u00aa REDEC<\/div>\n<div dir=\"auto\" style=\"text-align: justify;\">-Emiss\u00e3o de Alertas &#8211; Sgt PM Hemerson \/ 6\u00aa REDEC<\/div>\n<div dir=\"auto\" style=\"text-align: justify;\">&#8211; Decreta\u00e7\u00e3o Situa\u00e7\u00e3o de Emerg\u00eancia ou Estado de Calamidade P\u00fablica &#8211; Sgt PM Vanderlan \/ 17\u00aa REDEC<\/div>\n<div dir=\"auto\" style=\"text-align: justify;\">&#8211; Elabora\u00e7\u00e3o do Plano de Conting\u00eancia &#8211; Sgt PM Wander \/ 18\u00aa REDE<\/div>\n<div dir=\"auto\" style=\"text-align: justify;\">&#8211; Capta\u00e7\u00e3o de Recursos para A\u00e7\u00f5es de Resposta e Reconstru\u00e7\u00e3o &#8211; Sgt PM Vanderlan \/ 17\u00aa REDEC<\/div>\n<div dir=\"auto\" style=\"text-align: justify;\">&#8211; Sistema de Comando de Opera\u00e7\u00f5es &#8211; Sgt PM Hemerson \/ 6\u00aa REDEC<\/div>\n<\/div>\n<div class=\"x11i5rnm xat24cr x1mh8g0r x1vvkbs xtlvy1s x126k92a\" style=\"text-align: justify;\">\n<div dir=\"auto\">O evento, que em sua abertura contou com a presen\u00e7a do Prefeito Nei, reuniu agentes de 21 munic\u00edpios entre eles policiais, secret\u00e1rios e demais servidores p\u00fablicos no local foi um sucesso na organiza\u00e7\u00e3o e na execu\u00e7\u00e3o do workshop.<\/div>\n<\/div>\n<div class=\"x11i5rnm xat24cr x1mh8g0r x1vvkbs xtlvy1s x126k92a\">\n<div dir=\"auto\" style=\"text-align: justify;\">DEFESA CIVIL SOMOS TODOS N\u00d3S!<\/div>\n<\/div>\n","protected":false},"excerpt":{"rendered":"<p>Nesta segunda-feira, 14 de agosto, aconteceu em nosso Munic\u00edpio o [&hellip;]<\/p>\n","protected":false},"author":1,"featured_media":5829,"comment_status":"open","ping_status":"open","sticky":false,"template":"","format":"standard","meta":{"footnotes":""},"categories":[29],"tags":[],"class_list":["post-5824","post","type-post","status-publish","format-standard","has-post-thumbnail","hentry","category-noticias"],"_links":{"self":[{"href":"https:\/\/domvicoso.mg.gov.br\/v1\/wp-json\/wp\/v2\/posts\/5824","targetHints":{"allow":["GET"]}}],"collection":[{"href":"https:\/\/domvicoso.mg.gov.br\/v1\/wp-json\/wp\/v2\/posts"}],"about":[{"href":"https:\/\/domvicoso.mg.gov.br\/v1\/wp-json\/wp\/v2\/types\/post"}],"author":[{"embeddable":true,"href":"https:\/\/domvicoso.mg.gov.br\/v1\/wp-json\/wp\/v2\/users\/1"}],"replies":[{"embeddable":true,"href":"https:\/\/domvicoso.mg.gov.br\/v1\/wp-json\/wp\/v2\/comments?post=5824"}],"version-history":[{"count":1,"href":"https:\/\/domvicoso.mg.gov.br\/v1\/wp-json\/wp\/v2\/posts\/5824\/revisions"}],"predecessor-version":[{"id":5830,"href":"https:\/\/domvicoso.mg.gov.br\/v1\/wp-json\/wp\/v2\/posts\/5824\/revisions\/5830"}],"wp:featuredmedia":[{"embeddable":true,"href":"https:\/\/domvicoso.mg.gov.br\/v1\/wp-json\/wp\/v2\/media\/5829"}],"wp:attachment":[{"href":"https:\/\/domvicoso.mg.gov.br\/v1\/wp-json\/wp\/v2\/media?parent=5824"}],"wp:term":[{"taxonomy":"category","embeddable":true,"href":"https:\/\/domvicoso.mg.gov.br\/v1\/wp-json\/wp\/v2\/categories?post=5824"},{"taxonomy":"post_tag","embeddable":true,"href":"https:\/\/domvicoso.mg.gov.br\/v1\/wp-json\/wp\/v2\/tags?post=5824"}],"curies":[{"name":"wp","href":"https:\/\/api.w.org\/{rel}","templated":true}]}}