{"id":5966,"date":"2023-09-26T14:48:41","date_gmt":"2023-09-26T14:48:41","guid":{"rendered":"https:\/\/domvicoso.mg.gov.br\/v1\/?p=5966"},"modified":"2023-09-29T14:50:49","modified_gmt":"2023-09-29T14:50:49","slug":"vi-edicao-do-rodeio-festival-de-dom-vicoso","status":"publish","type":"post","link":"https:\/\/domvicoso.mg.gov.br\/v1\/vi-edicao-do-rodeio-festival-de-dom-vicoso\/","title":{"rendered":"VI edi\u00e7\u00e3o do Rodeio Festival de Dom Vi\u00e7oso"},"content":{"rendered":"<div class=\"xdj266r x11i5rnm xat24cr x1mh8g0r x1vvkbs x126k92a\">\n<div dir=\"auto\" style=\"text-align: justify;\">Aconteceu nessa \u00faltima semana, do dia 21 ao 24 de setembro, a VI edi\u00e7\u00e3o do Rodeio Festival de Dom Vi\u00e7oso.<\/div>\n<\/div>\n<div class=\"x11i5rnm xat24cr x1mh8g0r x1vvkbs xtlvy1s x126k92a\" style=\"text-align: justify;\">\n<div dir=\"auto\">O evento contou com uma pra\u00e7a de alimenta\u00e7\u00e3o repleta de variedades e show todos os dias com artistas da regi\u00e3o e no s\u00e1bado um grande show com a dupla Gian e Giovani, que foi um sucesso.<\/div>\n<\/div>\n<div class=\"x11i5rnm xat24cr x1mh8g0r x1vvkbs xtlvy1s x126k92a\" style=\"text-align: justify;\">\n<div dir=\"auto\">O cantor Giovani enquanto estava no palco relembrou os momentos que passou em Dom Vi\u00e7oso durante a pandemia, e disse estar muito feliz por retornar a essa cidade que marcou seu cora\u00e7\u00e3o.<\/div>\n<\/div>\n<div class=\"x11i5rnm xat24cr x1mh8g0r x1vvkbs xtlvy1s x126k92a\" style=\"text-align: justify;\">\n<div dir=\"auto\">Na montaria em bois realizada pela copa bulls de evento o destaque ficou para os grandes finalistas:<\/div>\n<\/div>\n<div class=\"x11i5rnm xat24cr x1mh8g0r x1vvkbs xtlvy1s x126k92a\" style=\"text-align: justify;\">\n<div dir=\"auto\">Anderson Luiz da Silva da Cidade de Andradas MG montando no<\/div>\n<div dir=\"auto\">Touro Festival da<\/div>\n<div dir=\"auto\">Cia Fivela ouro dividiu o primeiro lugar com o companheiro de disputa Daniel Luiz Morais da cidade Congonhal MG que montou no<\/div>\n<div dir=\"auto\">Touro Federal da<\/div>\n<div dir=\"auto\">Cia Fivela ouro-fio.<\/div>\n<\/div>\n<div class=\"x11i5rnm xat24cr x1mh8g0r x1vvkbs xtlvy1s x126k92a\">\n<div dir=\"auto\" style=\"text-align: justify;\">J\u00e1 o segundo e terceiro lugar ficaram com os pe\u00f5es<\/div>\n<div dir=\"auto\" style=\"text-align: justify;\">Guilherme Augusto da<\/div>\n<div dir=\"auto\" style=\"text-align: justify;\">Cidade Cordisl\u00e2ndia MG montando no<\/div>\n<div dir=\"auto\" style=\"text-align: justify;\">Touro Caipira da<\/div>\n<div dir=\"auto\" style=\"text-align: justify;\">Cia RP e<\/div>\n<div dir=\"auto\" style=\"text-align: justify;\">Jo\u00e3o Vitor Gon\u00e7alves da Cidade de Dom Vi\u00e7oso MG montando no Touro Aloprado da<\/div>\n<div dir=\"auto\" style=\"text-align: justify;\">Cia RP.<\/div>\n<\/div>\n","protected":false},"excerpt":{"rendered":"<p>Aconteceu nessa \u00faltima semana, do dia 21 ao 24 de [&hellip;]<\/p>\n","protected":false},"author":1,"featured_media":5971,"comment_status":"open","ping_status":"open","sticky":false,"template":"","format":"standard","meta":{"footnotes":""},"categories":[29],"tags":[],"class_list":["post-5966","post","type-post","status-publish","format-standard","has-post-thumbnail","hentry","category-noticias"],"_links":{"self":[{"href":"https:\/\/domvicoso.mg.gov.br\/v1\/wp-json\/wp\/v2\/posts\/5966","targetHints":{"allow":["GET"]}}],"collection":[{"href":"https:\/\/domvicoso.mg.gov.br\/v1\/wp-json\/wp\/v2\/posts"}],"about":[{"href":"https:\/\/domvicoso.mg.gov.br\/v1\/wp-json\/wp\/v2\/types\/post"}],"author":[{"embeddable":true,"href":"https:\/\/domvicoso.mg.gov.br\/v1\/wp-json\/wp\/v2\/users\/1"}],"replies":[{"embeddable":true,"href":"https:\/\/domvicoso.mg.gov.br\/v1\/wp-json\/wp\/v2\/comments?post=5966"}],"version-history":[{"count":1,"href":"https:\/\/domvicoso.mg.gov.br\/v1\/wp-json\/wp\/v2\/posts\/5966\/revisions"}],"predecessor-version":[{"id":5972,"href":"https:\/\/domvicoso.mg.gov.br\/v1\/wp-json\/wp\/v2\/posts\/5966\/revisions\/5972"}],"wp:featuredmedia":[{"embeddable":true,"href":"https:\/\/domvicoso.mg.gov.br\/v1\/wp-json\/wp\/v2\/media\/5971"}],"wp:attachment":[{"href":"https:\/\/domvicoso.mg.gov.br\/v1\/wp-json\/wp\/v2\/media?parent=5966"}],"wp:term":[{"taxonomy":"category","embeddable":true,"href":"https:\/\/domvicoso.mg.gov.br\/v1\/wp-json\/wp\/v2\/categories?post=5966"},{"taxonomy":"post_tag","embeddable":true,"href":"https:\/\/domvicoso.mg.gov.br\/v1\/wp-json\/wp\/v2\/tags?post=5966"}],"curies":[{"name":"wp","href":"https:\/\/api.w.org\/{rel}","templated":true}]}}