{"id":5980,"date":"2023-09-28T14:52:52","date_gmt":"2023-09-28T14:52:52","guid":{"rendered":"https:\/\/domvicoso.mg.gov.br\/v1\/?p=5980"},"modified":"2023-09-29T14:55:10","modified_gmt":"2023-09-29T14:55:10","slug":"o-tbt-de-hoje-celebra-nossa-parceria-com-o-sebraeminas","status":"publish","type":"post","link":"https:\/\/domvicoso.mg.gov.br\/v1\/o-tbt-de-hoje-celebra-nossa-parceria-com-o-sebraeminas\/","title":{"rendered":"O #tbt de hoje celebra nossa parceria com o #sebraeminas"},"content":{"rendered":"<p>Nos dias 19 a 21 de setembro, a miss\u00e3o organizada pelo SEBRAE, levou alguns membros do CMDE de Dom Vi\u00e7oso (Conselho Municipal de Desenvolvimento Econ\u00f4mico) para conhecer o co-irm\u00e3o de Maring\u00e1\/PR e aprender um pouco sobre o incr\u00edvel trabalho que realizam por l\u00e1. O desenvolvimento de uma cidade necessita de engajamento da popula\u00e7\u00e3o, bons parceiros, busca por conhecimento e troca de experi\u00eancias. Agradecemos ao SEBRAE por ser um bra\u00e7o forte e amigo de Dom Vi\u00e7oso!<\/p>\n","protected":false},"excerpt":{"rendered":"<p>Nos dias 19 a 21 de setembro, a miss\u00e3o organizada [&hellip;]<\/p>\n","protected":false},"author":1,"featured_media":5985,"comment_status":"open","ping_status":"open","sticky":false,"template":"","format":"standard","meta":{"footnotes":""},"categories":[29],"tags":[],"class_list":["post-5980","post","type-post","status-publish","format-standard","has-post-thumbnail","hentry","category-noticias"],"_links":{"self":[{"href":"https:\/\/domvicoso.mg.gov.br\/v1\/wp-json\/wp\/v2\/posts\/5980","targetHints":{"allow":["GET"]}}],"collection":[{"href":"https:\/\/domvicoso.mg.gov.br\/v1\/wp-json\/wp\/v2\/posts"}],"about":[{"href":"https:\/\/domvicoso.mg.gov.br\/v1\/wp-json\/wp\/v2\/types\/post"}],"author":[{"embeddable":true,"href":"https:\/\/domvicoso.mg.gov.br\/v1\/wp-json\/wp\/v2\/users\/1"}],"replies":[{"embeddable":true,"href":"https:\/\/domvicoso.mg.gov.br\/v1\/wp-json\/wp\/v2\/comments?post=5980"}],"version-history":[{"count":1,"href":"https:\/\/domvicoso.mg.gov.br\/v1\/wp-json\/wp\/v2\/posts\/5980\/revisions"}],"predecessor-version":[{"id":5986,"href":"https:\/\/domvicoso.mg.gov.br\/v1\/wp-json\/wp\/v2\/posts\/5980\/revisions\/5986"}],"wp:featuredmedia":[{"embeddable":true,"href":"https:\/\/domvicoso.mg.gov.br\/v1\/wp-json\/wp\/v2\/media\/5985"}],"wp:attachment":[{"href":"https:\/\/domvicoso.mg.gov.br\/v1\/wp-json\/wp\/v2\/media?parent=5980"}],"wp:term":[{"taxonomy":"category","embeddable":true,"href":"https:\/\/domvicoso.mg.gov.br\/v1\/wp-json\/wp\/v2\/categories?post=5980"},{"taxonomy":"post_tag","embeddable":true,"href":"https:\/\/domvicoso.mg.gov.br\/v1\/wp-json\/wp\/v2\/tags?post=5980"}],"curies":[{"name":"wp","href":"https:\/\/api.w.org\/{rel}","templated":true}]}}