{"id":6031,"date":"2023-09-28T14:18:33","date_gmt":"2023-09-28T14:18:33","guid":{"rendered":"https:\/\/domvicoso.mg.gov.br\/v1\/?p=6031"},"modified":"2023-10-11T14:20:05","modified_gmt":"2023-10-11T14:20:05","slug":"sala-mineira-do-empreendedor-2","status":"publish","type":"post","link":"https:\/\/domvicoso.mg.gov.br\/v1\/sala-mineira-do-empreendedor-2\/","title":{"rendered":"Sala Mineira do Empreendedor"},"content":{"rendered":"<div class=\"xdj266r x11i5rnm xat24cr x1mh8g0r x1vvkbs x126k92a\">\n<div dir=\"auto\">Empres\u00e1rios de micro e pequenos neg\u00f3cios, Microempreendedores Individuais (MEIs) e Produtores Rurais podem contar com a Sala Mineira do Empreendedor de Dom Vi\u00e7oso, localizada na Prefeitura Municipal de Dom Vi\u00e7oso, para buscar o apoio que seu neg\u00f3cio precisa.<\/div>\n<\/div>\n<div class=\"x11i5rnm xat24cr x1mh8g0r x1vvkbs xtlvy1s x126k92a\">\n<div dir=\"auto\" style=\"text-align: justify;\">A Sala Mineira do Empreendedor \u00e9 resultado da parceria entre a Prefeitura Municipal de Itajub\u00e1, o Sebrae Minas e a Junta Comercial do Estado de Minas Gerais (Jucemg), oferecendo servi\u00e7os como:<\/div>\n<\/div>\n<div class=\"x11i5rnm xat24cr x1mh8g0r x1vvkbs xtlvy1s x126k92a\" style=\"text-align: justify;\">\n<div dir=\"auto\">* Orienta\u00e7\u00e3o pr\u00e9via sobre o processo de registro.<\/div>\n<div dir=\"auto\">* Orienta\u00e7\u00e3o pr\u00e9via sobre o processo de licenciamento municipal.<\/div>\n<div dir=\"auto\">* Como se tornar um fornecedor da prefeitura.<\/div>\n<div dir=\"auto\">* Processos de aquisi\u00e7\u00f5es p\u00fablicas municipais em andamento.<\/div>\n<div dir=\"auto\">* Distribui\u00e7\u00e3o de material informativo.<\/div>\n<\/div>\n<div class=\"x11i5rnm xat24cr x1mh8g0r x1vvkbs xtlvy1s x126k92a\" style=\"text-align: justify;\">\n<div dir=\"auto\">Presta\u00e7\u00e3o de servi\u00e7os:<\/div>\n<div dir=\"auto\">* Protocolo do licenciamento municipal de MEI (Microempreendedor Individual), ME<\/div>\n<div dir=\"auto\">(Microempresa), EPP (Empresas de Pequeno Porte) e demais empresas.<\/div>\n<div dir=\"auto\">* Emiss\u00e3o das Guias de Recolhimento das taxas municipais (formaliza\u00e7\u00e3o, altera\u00e7\u00e3o e baixa).<\/div>\n<div dir=\"auto\">* Emiss\u00e3o de Certificado de Condi\u00e7\u00e3o de Microempreendedor Individual (CCMEI).<\/div>\n<div dir=\"auto\">* Declara\u00e7\u00e3o Anual do Simples Nacional \u2013 Microempreendedor Individual DASN SIMEI.<\/div>\n<div dir=\"auto\">* Formaliza\u00e7\u00e3o e orienta\u00e7\u00f5es ao Produtor Rural<\/div>\n<\/div>\n<div class=\"x11i5rnm xat24cr x1mh8g0r x1vvkbs xtlvy1s x126k92a\">\n<div dir=\"auto\" style=\"text-align: justify;\">SALA MINEIRA DO EMPREENDEDOR DE DOM VI\u00c7OSO<\/div>\n<div dir=\"auto\" style=\"text-align: justify;\">Agente de Atendimento e Desenvolvimento: Paulo S\u00e9rgio Silv\u00e9rio<\/div>\n<div dir=\"auto\" style=\"text-align: justify;\">Hor\u00e1rio de funcionamento: das 8h \u00e0s 11h \/ das 13h \u00e0s 16h (exceto feriados e recessos)<\/div>\n<div dir=\"auto\" style=\"text-align: justify;\">Local: Prefeitura Municipal de Dom Vi\u00e7oso (R. Waldemar de Oliveira, Dom Vi\u00e7oso &#8211; MG, 37474-000)<\/div>\n<div dir=\"auto\" style=\"text-align: justify;\">Telefone para contato: ?<\/div>\n<div dir=\"auto\" style=\"text-align: justify;\">E-mail: salamineira@domvicoso.mg.gov.br<\/div>\n<\/div>\n","protected":false},"excerpt":{"rendered":"<p>Empres\u00e1rios de micro e pequenos neg\u00f3cios, Microempreendedores Individuais (MEIs) e [&hellip;]<\/p>\n","protected":false},"author":1,"featured_media":6032,"comment_status":"open","ping_status":"open","sticky":false,"template":"","format":"standard","meta":{"footnotes":""},"categories":[29],"tags":[],"class_list":["post-6031","post","type-post","status-publish","format-standard","has-post-thumbnail","hentry","category-noticias"],"_links":{"self":[{"href":"https:\/\/domvicoso.mg.gov.br\/v1\/wp-json\/wp\/v2\/posts\/6031","targetHints":{"allow":["GET"]}}],"collection":[{"href":"https:\/\/domvicoso.mg.gov.br\/v1\/wp-json\/wp\/v2\/posts"}],"about":[{"href":"https:\/\/domvicoso.mg.gov.br\/v1\/wp-json\/wp\/v2\/types\/post"}],"author":[{"embeddable":true,"href":"https:\/\/domvicoso.mg.gov.br\/v1\/wp-json\/wp\/v2\/users\/1"}],"replies":[{"embeddable":true,"href":"https:\/\/domvicoso.mg.gov.br\/v1\/wp-json\/wp\/v2\/comments?post=6031"}],"version-history":[{"count":1,"href":"https:\/\/domvicoso.mg.gov.br\/v1\/wp-json\/wp\/v2\/posts\/6031\/revisions"}],"predecessor-version":[{"id":6033,"href":"https:\/\/domvicoso.mg.gov.br\/v1\/wp-json\/wp\/v2\/posts\/6031\/revisions\/6033"}],"wp:featuredmedia":[{"embeddable":true,"href":"https:\/\/domvicoso.mg.gov.br\/v1\/wp-json\/wp\/v2\/media\/6032"}],"wp:attachment":[{"href":"https:\/\/domvicoso.mg.gov.br\/v1\/wp-json\/wp\/v2\/media?parent=6031"}],"wp:term":[{"taxonomy":"category","embeddable":true,"href":"https:\/\/domvicoso.mg.gov.br\/v1\/wp-json\/wp\/v2\/categories?post=6031"},{"taxonomy":"post_tag","embeddable":true,"href":"https:\/\/domvicoso.mg.gov.br\/v1\/wp-json\/wp\/v2\/tags?post=6031"}],"curies":[{"name":"wp","href":"https:\/\/api.w.org\/{rel}","templated":true}]}}